{"id":6368,"date":"2016-04-07T07:13:50","date_gmt":"2016-04-07T05:13:50","guid":{"rendered":"https:\/\/www.latelierdestephetlolie.com\/?p=6368"},"modified":"2017-04-04T15:18:40","modified_gmt":"2017-04-04T13:18:40","slug":"verrines-riz-au-lait-et-oranges-sanguines","status":"publish","type":"post","link":"https:\/\/www.latelierdestephetlolie.com\/?p=6368","title":{"rendered":"Verrines \u00ab\u00a0riz au lait et oranges sanguines\u00a0\u00bb"},"content":{"rendered":"<p>&nbsp;<\/p>\n<p><img loading=\"lazy\" decoding=\"async\" class=\"aligncenter wp-image-6403 size-large\" src=\"https:\/\/www.latelierdestephetlolie.com\/wp-content\/uploads\/2016\/04\/verrines-petit-dej-orange1.jpg?w=440\" alt=\"verrines petit dej orange1\" width=\"440\" height=\"660\" srcset=\"https:\/\/www.latelierdestephetlolie.com\/wp-content\/uploads\/2016\/04\/verrines-petit-dej-orange1.jpg 1000w, https:\/\/www.latelierdestephetlolie.com\/wp-content\/uploads\/2016\/04\/verrines-petit-dej-orange1-200x300.jpg 200w, https:\/\/www.latelierdestephetlolie.com\/wp-content\/uploads\/2016\/04\/verrines-petit-dej-orange1-768x1152.jpg 768w, https:\/\/www.latelierdestephetlolie.com\/wp-content\/uploads\/2016\/04\/verrines-petit-dej-orange1-683x1024.jpg 683w, https:\/\/www.latelierdestephetlolie.com\/wp-content\/uploads\/2016\/04\/verrines-petit-dej-orange1-940x1410.jpg 940w\" sizes=\"auto, (max-width: 440px) 100vw, 440px\" \/><\/p>\n<p><span style=\"text-decoration: underline;color: #800000\">Ingr\u00e9dients pour 6 verrines:<\/span><\/p>\n<p><span style=\"color: #ffffff\">\u00ab\u00a0<\/span><br \/>\n1 sachet de riz au lait 280g \u00a0<strong><span style=\"color: #800000\"><a style=\"color: #800000\" href=\"http:\/\/www.vivienpaille.fr\/nos-produits\/les-riz\/fiche-produit-riz-special-dessert\/\">vivienpaille<\/a><\/span><\/strong><br \/>\n6 c\u00e0s de c\u00e9r\u00e9ales (type muesli) j&rsquo;utilise celles de chez\u00a0<strong><span style=\"color: #800000\"><a style=\"color: #800000\" href=\"http:\/\/charlesvignon.fr\/muesli-bio\/recette-amande-vanille\">charlesvignon<\/a><\/span><\/strong><br \/>\n3 oranges sanguines, sucre glace<\/p>\n<p><span style=\"color: #ffffff\">\u00ab\u00a0<\/span><br \/>\n<span style=\"text-decoration: underline\"><span style=\"color: #800000;text-decoration: underline\">Pr\u00e9paration:<\/span><\/span><\/p>\n<p><span style=\"color: #ffffff\">\u00ab\u00a0<\/span><br \/>\nPr\u00e9parez le riz au lait comme indiqu\u00e9 sur le sachet (Simple et pratique il vous suffit juste d&rsquo;ajouter du lait directement dans le sachet et de le faire chauffer au micro-ondes, un riz au lait d\u00e9licieux et tr\u00e8s onctueux)<br \/>\nAjoutez une c\u00e0s de c\u00e9r\u00e9ales par verrine<br \/>\nPelez \u00e0 vif les oranges sanguines, puis coupez-les en gros cubes, disposez-les sur les c\u00e9r\u00e9ales, saupoudrez de sucre glace<\/p>\n<p><span style=\"color: #ffffff\">\u00ab\u00a0<\/span><br \/>\nC&rsquo;est pr\u00eat ! Parfait pour bien commencer la journ\u00e9e \ud83d\ude42<\/p>\n<p><img loading=\"lazy\" decoding=\"async\" class=\"aligncenter wp-image-6404 size-large\" src=\"https:\/\/www.latelierdestephetlolie.com\/wp-content\/uploads\/2016\/04\/verrines-petit-dej-orange2.jpg?w=440\" alt=\"verrines petit dej orange2\" width=\"440\" height=\"660\" srcset=\"https:\/\/www.latelierdestephetlolie.com\/wp-content\/uploads\/2016\/04\/verrines-petit-dej-orange2.jpg 1000w, https:\/\/www.latelierdestephetlolie.com\/wp-content\/uploads\/2016\/04\/verrines-petit-dej-orange2-200x300.jpg 200w, https:\/\/www.latelierdestephetlolie.com\/wp-content\/uploads\/2016\/04\/verrines-petit-dej-orange2-768x1152.jpg 768w, https:\/\/www.latelierdestephetlolie.com\/wp-content\/uploads\/2016\/04\/verrines-petit-dej-orange2-683x1024.jpg 683w, https:\/\/www.latelierdestephetlolie.com\/wp-content\/uploads\/2016\/04\/verrines-petit-dej-orange2-940x1410.jpg 940w\" sizes=\"auto, (max-width: 440px) 100vw, 440px\" \/><\/p>\n<p><img loading=\"lazy\" decoding=\"async\" class=\"alignnone size-full wp-image-6367\" src=\"https:\/\/www.latelierdestephetlolie.com\/wp-content\/uploads\/2016\/04\/verrine-petit-dej4.jpg\" alt=\"verrine petit dej4\" width=\"1000\" height=\"1500\" srcset=\"https:\/\/www.latelierdestephetlolie.com\/wp-content\/uploads\/2016\/04\/verrine-petit-dej4.jpg 1000w, https:\/\/www.latelierdestephetlolie.com\/wp-content\/uploads\/2016\/04\/verrine-petit-dej4-200x300.jpg 200w, https:\/\/www.latelierdestephetlolie.com\/wp-content\/uploads\/2016\/04\/verrine-petit-dej4-768x1152.jpg 768w, https:\/\/www.latelierdestephetlolie.com\/wp-content\/uploads\/2016\/04\/verrine-petit-dej4-683x1024.jpg 683w, https:\/\/www.latelierdestephetlolie.com\/wp-content\/uploads\/2016\/04\/verrine-petit-dej4-940x1410.jpg 940w\" sizes=\"auto, (max-width: 1000px) 100vw, 1000px\" \/><\/p>\n","protected":false},"excerpt":{"rendered":"<p>&nbsp; Ingr\u00e9dients pour 6 verrines: \u00ab\u00a0 1 sachet de riz au lait 280g \u00a0vivienpaille 6 c\u00e0s de c\u00e9r\u00e9ales (type muesli) j&rsquo;utilise celles de chez\u00a0charlesvignon 3 oranges sanguines, sucre glace \u00ab\u00a0 Pr\u00e9paration: \u00ab\u00a0 Pr\u00e9parez le riz au lait comme indiqu\u00e9 sur le sachet (Simple et pratique il vous suffit juste d&rsquo;ajouter du lait directement dans le sachet et de le faire chauffer au micro-ondes, un riz au lait d\u00e9licieux et tr\u00e8s onctueux) Ajoutez une c\u00e0s de&hellip;<\/p>\n","protected":false},"author":3,"featured_media":6403,"comment_status":"open","ping_status":"open","sticky":false,"template":"","format":"standard","meta":{"_seopress_robots_primary_cat":"","_seopress_titles_title":"","_seopress_titles_desc":"","_seopress_robots_index":"","_exactmetrics_skip_tracking":false,"_exactmetrics_sitenote_active":false,"_exactmetrics_sitenote_note":"","_exactmetrics_sitenote_category":0,"footnotes":""},"categories":[71,83,98,150],"tags":[165,322,333,441,442,545,613,618,675,703,709,756,778,815,928,1053,1070,1073],"class_list":["post-6368","post","type-post","status-publish","format-standard","has-post-thumbnail","hentry","category-latelier-ptit-dej","category-mes-recettes-avec-les-produits-de-mes-partenaires","category-petit-dejeuner","category-verrines-sucrees","tag-agrumes","tag-cereales","tag-charles-vignon","tag-degustabox","tag-dessert","tag-gourmand","tag-latelier-de-steph-et-lolie","tag-lait","tag-matin","tag-morning","tag-muesli","tag-orange-sanguine","tag-partenariat","tag-petitdej","tag-riz-au-lait","tag-verrines","tag-vitamines","tag-vivien-paille"],"_links":{"self":[{"href":"https:\/\/www.latelierdestephetlolie.com\/index.php?rest_route=\/wp\/v2\/posts\/6368","targetHints":{"allow":["GET"]}}],"collection":[{"href":"https:\/\/www.latelierdestephetlolie.com\/index.php?rest_route=\/wp\/v2\/posts"}],"about":[{"href":"https:\/\/www.latelierdestephetlolie.com\/index.php?rest_route=\/wp\/v2\/types\/post"}],"author":[{"embeddable":true,"href":"https:\/\/www.latelierdestephetlolie.com\/index.php?rest_route=\/wp\/v2\/users\/3"}],"replies":[{"embeddable":true,"href":"https:\/\/www.latelierdestephetlolie.com\/index.php?rest_route=%2Fwp%2Fv2%2Fcomments&post=6368"}],"version-history":[{"count":3,"href":"https:\/\/www.latelierdestephetlolie.com\/index.php?rest_route=\/wp\/v2\/posts\/6368\/revisions"}],"predecessor-version":[{"id":259326,"href":"https:\/\/www.latelierdestephetlolie.com\/index.php?rest_route=\/wp\/v2\/posts\/6368\/revisions\/259326"}],"wp:featuredmedia":[{"embeddable":true,"href":"https:\/\/www.latelierdestephetlolie.com\/index.php?rest_route=\/wp\/v2\/media\/6403"}],"wp:attachment":[{"href":"https:\/\/www.latelierdestephetlolie.com\/index.php?rest_route=%2Fwp%2Fv2%2Fmedia&parent=6368"}],"wp:term":[{"taxonomy":"category","embeddable":true,"href":"https:\/\/www.latelierdestephetlolie.com\/index.php?rest_route=%2Fwp%2Fv2%2Fcategories&post=6368"},{"taxonomy":"post_tag","embeddable":true,"href":"https:\/\/www.latelierdestephetlolie.com\/index.php?rest_route=%2Fwp%2Fv2%2Ftags&post=6368"}],"curies":[{"name":"wp","href":"https:\/\/api.w.org\/{rel}","templated":true}]}}