{"id":6330,"date":"2016-04-03T15:18:23","date_gmt":"2016-04-03T14:18:23","guid":{"rendered":"https:\/\/www.latelierdestephetlolie.com\/?p=6330"},"modified":"2016-12-12T15:43:21","modified_gmt":"2016-12-12T14:43:21","slug":"choux-a-la-creme-patissiere-et-eclats-de-caramel","status":"publish","type":"post","link":"https:\/\/www.latelierdestephetlolie.com\/?p=6330","title":{"rendered":"Choux \u00e0 la cr\u00e8me p\u00e2tissi\u00e8re et \u00e9clats de caramel"},"content":{"rendered":"<p><img loading=\"lazy\" decoding=\"async\" class=\"aligncenter wp-image-6351 size-large\" src=\"https:\/\/www.latelierdestephetlolie.com\/wp-content\/uploads\/2016\/04\/choux-creme-cap-cuisine2.jpg?w=440\" alt=\"choux + creme cap cuisine2\" width=\"440\" height=\"660\" srcset=\"https:\/\/www.latelierdestephetlolie.com\/wp-content\/uploads\/2016\/04\/choux-creme-cap-cuisine2.jpg 1000w, https:\/\/www.latelierdestephetlolie.com\/wp-content\/uploads\/2016\/04\/choux-creme-cap-cuisine2-200x300.jpg 200w, https:\/\/www.latelierdestephetlolie.com\/wp-content\/uploads\/2016\/04\/choux-creme-cap-cuisine2-768x1152.jpg 768w, https:\/\/www.latelierdestephetlolie.com\/wp-content\/uploads\/2016\/04\/choux-creme-cap-cuisine2-683x1024.jpg 683w, https:\/\/www.latelierdestephetlolie.com\/wp-content\/uploads\/2016\/04\/choux-creme-cap-cuisine2-940x1410.jpg 940w\" sizes=\"auto, (max-width: 440px) 100vw, 440px\" \/><\/p>\n<p>&nbsp;<\/p>\n<p><span style=\"text-decoration:underline;color:#800000\">Ingr\u00e9dients pour la p\u00e2te \u00e0 choux:<\/span><\/p>\n<ul>\n<li>250ml d&rsquo;eau<br \/>\n5g de sel<br \/>\n100g de beurre<br \/>\n150g de farine T55<br \/>\n4 \u0153ufs entiers<\/li>\n<\/ul>\n<p><span style=\"text-decoration:underline\"><span style=\"color:#ffffff;text-decoration:underline\">\u00ab\u00a0<\/span><\/span><br \/>\n<span style=\"text-decoration:underline;color:#800000\">Pr\u00e9parez les \u00e9l\u00e9ments:<\/span><br \/>\nCirez deux plaques \u00e0 l&rsquo;huile \u00e0 l&rsquo;aide d&rsquo;un pinceau, sans exag\u00e9ration<br \/>\nPesez les ingr\u00e9dients, tamisez la farine<br \/>\nPr\u00e9chauffez le four \u00e0 200\u00b0C<\/p>\n<p><span style=\"text-decoration:underline\"><span style=\"color:#800000;text-decoration:underline\">Ingr\u00e9dients pour la cr\u00e8me p\u00e2tissi\u00e8re:<\/span><\/span><\/p>\n<ul>\n<li>750ml de lait<br \/>\n1 gousse de vanille<br \/>\n6 jaunes d\u2019\u0153ufs<br \/>\n150g de sucre semoule<br \/>\n100g de ma\u00efzena ou de farine<\/li>\n<\/ul>\n<p><span style=\"text-decoration:underline\"><span style=\"color:#800000;text-decoration:underline\">Pr\u00e9paration de la p\u00e2te \u00e0 choux:<\/span><\/span><\/p>\n<p><span style=\"text-decoration:underline;color:#800000\">D\u00e9marrez la panade:<\/span><br \/>\nR\u00e9unissez dans une casserole l&rsquo;eau, le sel et le beurre en petites parcelles. Chauffez doucement pour obtenir simultan\u00e9ment l&rsquo;\u00e9bullition de l&rsquo;eau et la fonte du beurre. Ne pas laisser bouillir ni s&rsquo;\u00e9vaporer le beurre<br \/>\nD\u00e8s que l&rsquo;eau et le beurre ont pris l&rsquo;\u00e9bullition, sortez du feu puis ajoutez aussit\u00f4t la farine, imm\u00e9diatement et en une seule fois, ne pas laisser refroidir l&rsquo;eau<br \/>\nToujours hors du feu, m\u00e9langez la panade \u00e0 l&rsquo;aide d&rsquo;une spatule (jamais au fouet, pour pouvoir m\u00e9langer)<br \/>\nremettez vous sur feu doux et dess\u00e9chez la panade 1 \u00e0 2 mn afin de pouvoir ensuite incorporer les \u0153ufs sans trop ramollir la p\u00e2te ; ce sont eux qui la feront monter<br \/>\nD\u00e9barrassez la panade dans une calotte (saladier) Incorporez progressivement les \u0153ufs \u00e0 la spatule<br \/>\nGarnissez une poche \u00e0 douille<br \/>\nCouchez les choux sur les plaques, il faut qu&rsquo;ils soient suffisamment \u00e9loign\u00e9s les uns des autres pour leur permettre de tripler de volume sans se toucher<br \/>\nEnfournez les choux pendant 30mn<\/p>\n<p><span style=\"text-decoration:underline;color:#800000\">Pr\u00e9paration de la cr\u00e8me p\u00e2tissi\u00e8re:<\/span><\/p>\n<p><span style=\"color:#ffffff\">\u00ab\u00a0<\/span><br \/>\nMouillez le fond d\u2019une casserole et y portez le lait \u00e0 \u00e9bullition avec la vanille fendue et gratt\u00e9e<br \/>\nBlanchissez les jaunes avec le sucre dans un saladier en m\u00e9langeant au fouet, pr\u00e9voir un saladier assez grand pouvant accueillir la moiti\u00e9 du lait et la ma\u00efzena<br \/>\nAjoutez aux jaunes la ma\u00efzena et m\u00e9langez au fouet pour obtenir une masse bien lisse<br \/>\nLorsque le lait bout, versez la moiti\u00e9 sur le m\u00e9lange, d\u00e9layez aussit\u00f4t celui-ci<br \/>\nReversez rapidement le tout dans la casserole et portez la cr\u00e8me \u00e0 \u00e9bullition en remuant constamment \u00e0 l\u2019aide d\u2019un fouet. Bien raclez le fond du r\u00e9cipient jusque dans les coins<br \/>\n\u00ab Vous pouvez ajouter un parfum ou un alcool personnellement je la pr\u00e9f\u00e8re nature \u00bb<br \/>\nUn fois que la cr\u00e8me est bien prise, la d\u00e9barrasser dans une plaque pour faciliter le refroidissement, filmez la plaque avec du film \u00e9tirable et r\u00e9servez la cr\u00e8me au frais<br \/>\nUne fois la cr\u00e8me refroidie, la fouetter l\u00e9g\u00e8rement pour l\u2019homog\u00e9n\u00e9iser<br \/>\nD\u00e9coupez un petit \u00ab\u00a0chapeau\u00a0\u00bb (\u00e0 l&rsquo;aide d&rsquo;un couteau \u00e0 dents) sur chaque chou<br \/>\nGarnissez une poche \u00e0 douille de cr\u00e8me, puis garnissez les choux<br \/>\nReposez les chapeaux sur chaque chou<br \/>\nSaupoudrez de sucre glace<\/p>\n<p>Bonne gourmandise \ud83d\ude09<\/p>\n<p><span style=\"text-decoration:underline;color:#800000\">Le petit plus :<\/span> J&rsquo;ai ajout\u00e9 des \u00e9clats de caramel, pour lesquels je me suis inspir\u00e9e d&rsquo;une recette de Christophe Michalak \ud83d\ude42<br \/>\n<span style=\"color:#800000\"><a style=\"color:#800000\" href=\"http:\/\/www.france2.fr\/emissions\/dans-la-peau-d-un-chef\/recettes\/riz-au-lait-et-creme-de-marron-tuile-fine-au-riz-souffle-par\">dans-la-peau-d-un-chef<\/a><\/span><\/p>\n<p>Recette issue de mon livre de CAP Cuisine<\/p>\n<p><img decoding=\"async\" src=\"https:\/\/www.latelierdestephetlolie.com\/wp-content\/uploads\/2016\/04\/choux-creme-cap-cuisine5.jpg?w=440\" alt=\"choux + creme cap cuisine5\" \/><\/p>\n<p><img decoding=\"async\" src=\"https:\/\/www.latelierdestephetlolie.com\/wp-content\/uploads\/2016\/04\/choux-creme-cap-cuisine7.jpg?w=440\" alt=\"choux + creme cap cuisine7\" \/><\/p>\n","protected":false},"excerpt":{"rendered":"<p>&nbsp; Ingr\u00e9dients pour la p\u00e2te \u00e0 choux: 250ml d&rsquo;eau 5g de sel 100g de beurre 150g de farine T55 4 \u0153ufs entiers \u00ab\u00a0 Pr\u00e9parez les \u00e9l\u00e9ments: Cirez deux plaques \u00e0 l&rsquo;huile \u00e0 l&rsquo;aide d&rsquo;un pinceau, sans exag\u00e9ration Pesez les ingr\u00e9dients, tamisez la farine Pr\u00e9chauffez le four \u00e0 200\u00b0C Ingr\u00e9dients pour la cr\u00e8me p\u00e2tissi\u00e8re: 750ml de lait 1 gousse de vanille 6 jaunes d\u2019\u0153ufs 150g de sucre semoule 100g de ma\u00efzena ou de farine Pr\u00e9paration de&hellip;<\/p>\n","protected":false},"author":3,"featured_media":6352,"comment_status":"open","ping_status":"open","sticky":false,"template":"","format":"standard","meta":{"_seopress_robots_primary_cat":"","_seopress_titles_title":"","_seopress_titles_desc":"","_seopress_robots_index":"","_exactmetrics_skip_tracking":false,"_exactmetrics_sitenote_active":false,"_exactmetrics_sitenote_note":"","_exactmetrics_sitenote_category":0,"footnotes":""},"categories":[24,28,29],"tags":[303,307,353,356,357,360,407,442,499,505,545,542,613,789,799,1020],"class_list":["post-6330","post","type-post","status-publish","format-standard","has-post-thumbnail","hentry","category-cap-cuisine","category-choux","category-choux-creme-patissiere","tag-cap-cuisine","tag-caramel","tag-chou","tag-choux","tag-choux-creme-patissiere","tag-christophe-michalak","tag-creme-patissiere","tag-dessert","tag-food","tag-foodporn","tag-gourmand","tag-gouter","tag-latelier-de-steph-et-lolie","tag-pate-a-choux","tag-patisserie","tag-techniques-culinaires"],"_links":{"self":[{"href":"https:\/\/www.latelierdestephetlolie.com\/index.php?rest_route=\/wp\/v2\/posts\/6330","targetHints":{"allow":["GET"]}}],"collection":[{"href":"https:\/\/www.latelierdestephetlolie.com\/index.php?rest_route=\/wp\/v2\/posts"}],"about":[{"href":"https:\/\/www.latelierdestephetlolie.com\/index.php?rest_route=\/wp\/v2\/types\/post"}],"author":[{"embeddable":true,"href":"https:\/\/www.latelierdestephetlolie.com\/index.php?rest_route=\/wp\/v2\/users\/3"}],"replies":[{"embeddable":true,"href":"https:\/\/www.latelierdestephetlolie.com\/index.php?rest_route=%2Fwp%2Fv2%2Fcomments&post=6330"}],"version-history":[{"count":1,"href":"https:\/\/www.latelierdestephetlolie.com\/index.php?rest_route=\/wp\/v2\/posts\/6330\/revisions"}],"predecessor-version":[{"id":7792,"href":"https:\/\/www.latelierdestephetlolie.com\/index.php?rest_route=\/wp\/v2\/posts\/6330\/revisions\/7792"}],"wp:featuredmedia":[{"embeddable":true,"href":"https:\/\/www.latelierdestephetlolie.com\/index.php?rest_route=\/wp\/v2\/media\/6352"}],"wp:attachment":[{"href":"https:\/\/www.latelierdestephetlolie.com\/index.php?rest_route=%2Fwp%2Fv2%2Fmedia&parent=6330"}],"wp:term":[{"taxonomy":"category","embeddable":true,"href":"https:\/\/www.latelierdestephetlolie.com\/index.php?rest_route=%2Fwp%2Fv2%2Fcategories&post=6330"},{"taxonomy":"post_tag","embeddable":true,"href":"https:\/\/www.latelierdestephetlolie.com\/index.php?rest_route=%2Fwp%2Fv2%2Ftags&post=6330"}],"curies":[{"name":"wp","href":"https:\/\/api.w.org\/{rel}","templated":true}]}}