{"id":6131,"date":"2016-03-21T14:00:30","date_gmt":"2016-03-21T13:00:30","guid":{"rendered":"https:\/\/www.latelierdestephetlolie.com\/?p=6131"},"modified":"2017-03-21T11:19:52","modified_gmt":"2017-03-21T10:19:52","slug":"sables-de-paques","status":"publish","type":"post","link":"https:\/\/www.latelierdestephetlolie.com\/?p=6131","title":{"rendered":"Sabl\u00e9s de P\u00e2ques"},"content":{"rendered":"<p>J&rsquo;ai r\u00e9alis\u00e9 cette recette avec mon chef, pendant mon stage la semaine derni\u00e8re;)<br \/>\nCes sabl\u00e9s sont juste \u00e0 tomber \ud83d\ude42 ils ont exactement le go\u00fbt des sabl\u00e9s bretons ! Pour les plus gourmands vous pouvez les accompagner de confiture. J&rsquo;adore celles de la Cour d&rsquo;Org\u00e8res, la petite derni\u00e8re que j&rsquo;ai re\u00e7ue s&rsquo;appelle \u00ab\u00a0Mon petit poussin\u00a0\u00bb parfaite pour c\u00e9l\u00e9brer p\u00e2ques qui arrive \u00e0 grand pas \ud83d\ude09 <em>\u00ab\u00a0Dominante ananas avec morceaux l\u00e9g\u00e8rement croquants et mangue onctueuse pour la douceur, relev\u00e9e d\u2019une pointe de jus de citron vert. Tr\u00e8s long en bouche le safran vient cl\u00f4turer ces saveurs exotiques avec subtilit\u00e9 et douceur\u00a0\u00bb<\/em><\/p>\n<p>La Cour d&rsquo;Org\u00e8res :\u00a0<strong><span style=\"color: #800000\"><a style=\"color: #800000\" href=\"http:\/\/www.lacourdorgeres.com\/fruits-exotiques-confiture-ananas,-mangue-et-safran,c10,pr122.html\">lacourdorgeres<\/a><\/span><\/strong><\/p>\n<p><strong><span style=\"color: #800000\"><a style=\"color: #800000\" href=\"http:\/\/www.lacourdorgeres.com\/fruits-exotiques-confiture-ananas,-mangue-et-safran,c10,pr122.html\"><img loading=\"lazy\" decoding=\"async\" class=\"aligncenter wp-image-6135 size-large\" src=\"https:\/\/www.latelierdestephetlolie.com\/wp-content\/uploads\/2016\/03\/sable-cour-dorgeres1.jpg ?w=440\" alt=\"sabl\u00e9 cour d'orgeres1\" width=\"440\" height=\"660\" srcset=\"https:\/\/www.latelierdestephetlolie.com\/wp-content\/uploads\/2016\/03\/sable-cour-dorgeres1.jpg 1000w, https:\/\/www.latelierdestephetlolie.com\/wp-content\/uploads\/2016\/03\/sable-cour-dorgeres1-200x300.jpg 200w, https:\/\/www.latelierdestephetlolie.com\/wp-content\/uploads\/2016\/03\/sable-cour-dorgeres1-768x1152.jpg 768w, https:\/\/www.latelierdestephetlolie.com\/wp-content\/uploads\/2016\/03\/sable-cour-dorgeres1-683x1024.jpg 683w, https:\/\/www.latelierdestephetlolie.com\/wp-content\/uploads\/2016\/03\/sable-cour-dorgeres1-940x1410.jpg 940w\" sizes=\"auto, (max-width: 440px) 100vw, 440px\" \/><\/a><\/span><\/strong><\/p>\n<p>&nbsp;<\/p>\n<p><span style=\"text-decoration: underline\"><span style=\"color: #800000;text-decoration: underline\">Ingr\u00e9dients pour 15 sabl\u00e9s:<\/span><\/span><\/p>\n<p><span style=\"color: #ffffff\">\u00ab\u00a0<\/span><br \/>\n<span style=\"color: #808080\"><em>335g de farine<\/em><\/span><br \/>\n<span style=\"color: #808080\"><em>210g de sucre semoule<\/em><\/span><br \/>\n<span style=\"color: #808080\"><em>240g de beurre pommade<\/em><\/span><br \/>\n<span style=\"color: #808080\"><em>22g de levure chimique<\/em><\/span><br \/>\n<span style=\"color: #808080\"><em>3g de sel<\/em><\/span><br \/>\n<em><span style=\"color: #808080\">120g de jaunes\u00a0d\u2019\u0153ufs\u00a0( 6 ) <\/span><\/em><br \/>\n<span style=\"color: #808080\"><em>1 pot de confiture La Cour d&rsquo;Org\u00e8res \u00ab\u00a0Mon petit poussin\u00a0\u00bb ananas, mangues, safran <\/em><\/span><br \/>\n<span style=\"color: #808080\"><em>1 emporte pi\u00e8ce cercle de 8cm de diam\u00e8tre<\/em><\/span><\/p>\n<p><span style=\"color: #ffffff\">\u00ab\u00a0<\/span><br \/>\n<span style=\"text-decoration: underline\"><span style=\"color: #800000;text-decoration: underline\">Dressing\u00a0:<\/span><\/span>\u00a0quelques zestes de citron vert et d&rsquo;orange<\/p>\n<p><span style=\"color: #ffffff\">\u00ab\u00a0<\/span><br \/>\n<span style=\"text-decoration: underline;color: #800000\">Pr\u00e9paration :<\/span><\/p>\n<p><span style=\"color: #ffffff\">\u00ab\u00a0<\/span><br \/>\nVous pouvez r\u00e9aliser les sabl\u00e9s \u00e0 la main, ou dans un robot, ce que j&rsquo;ai fait \ud83d\ude09 pour une fois!<br \/>\nDans la cuve du robot, d\u00e9posez la farine, le sucre, le beurre, la levure et le sel<\/p>\n<p>Positionnez votre robot sur vitesse maxi avec la feuille<img loading=\"lazy\" decoding=\"async\" class=\"\" src=\"https:\/\/files.meilleurduchef.com\/mdc\/photo\/produit\/mfr\/batteur-plat-kitchenaid-k45\/batteur-plat-kitchenaid-k45-1-640.jpg\" alt=\"Afficher l'image d'origine\" width=\"37\" height=\"42\" \/> , jusqu\u2019\u00e0 ce que l&rsquo;appareil forme une boule<br \/>\nAjoutez les jaunes d\u2019\u0153ufs, m\u00e9langez de nouveau<br \/>\nA l&rsquo;aide d&rsquo;une corne, retirez l&rsquo;appareil de la cuve et d\u00e9posez-le sur une plaque recouverte de papier sulfuris\u00e9<br \/>\n\u00c9talez bien la p\u00e2te sur toute la surface, vous en avez suffisamment pour faire 2 plaques<br \/>\nEnfournez pour 20mn \u00e0 170\u00b0C<br \/>\nUne fois les sabl\u00e9s cuits sortez-les du four et \u00e0 l&rsquo;aide de l&#8217;emporte pi\u00e8ce r\u00e9alisez les sabl\u00e9s<\/p>\n<p><span style=\"color: #ffffff\">\u00ab\u00a0<\/span><br \/>\nEvidemment il va vous rester des chutes de sabl\u00e9s \ud83d\ude42 elles seront id\u00e9ales pour accompagner votre petit caf\u00e9 \ud83d\ude09<\/p>\n<p>&nbsp;<\/p>\n<p><img loading=\"lazy\" decoding=\"async\" class=\"aligncenter wp-image-6136 size-large\" src=\"https:\/\/www.latelierdestephetlolie.com\/wp-content\/uploads\/2016\/03\/sable-cour-dorgeres2.jpg?w=440\" alt=\"sabl\u00e9 cour d'orgeres2\" width=\"440\" height=\"660\" srcset=\"https:\/\/www.latelierdestephetlolie.com\/wp-content\/uploads\/2016\/03\/sable-cour-dorgeres2.jpg 1000w, https:\/\/www.latelierdestephetlolie.com\/wp-content\/uploads\/2016\/03\/sable-cour-dorgeres2-200x300.jpg 200w, https:\/\/www.latelierdestephetlolie.com\/wp-content\/uploads\/2016\/03\/sable-cour-dorgeres2-768x1152.jpg 768w, https:\/\/www.latelierdestephetlolie.com\/wp-content\/uploads\/2016\/03\/sable-cour-dorgeres2-683x1024.jpg 683w, https:\/\/www.latelierdestephetlolie.com\/wp-content\/uploads\/2016\/03\/sable-cour-dorgeres2-940x1410.jpg 940w\" sizes=\"auto, (max-width: 440px) 100vw, 440px\" \/><\/p>\n","protected":false},"excerpt":{"rendered":"<p>J&rsquo;ai r\u00e9alis\u00e9 cette recette avec mon chef, pendant mon stage la semaine derni\u00e8re;) Ces sabl\u00e9s sont juste \u00e0 tomber \ud83d\ude42 ils ont exactement le go\u00fbt des sabl\u00e9s bretons ! Pour les plus gourmands vous pouvez les accompagner de confiture. J&rsquo;adore celles de la Cour d&rsquo;Org\u00e8res, la petite derni\u00e8re que j&rsquo;ai re\u00e7ue s&rsquo;appelle \u00ab\u00a0Mon petit poussin\u00a0\u00bb parfaite pour c\u00e9l\u00e9brer p\u00e2ques qui arrive \u00e0 grand pas \ud83d\ude09 \u00ab\u00a0Dominante ananas avec morceaux l\u00e9g\u00e8rement croquants et mangue onctueuse pour&hellip;<\/p>\n","protected":false},"author":3,"featured_media":6137,"comment_status":"open","ping_status":"open","sticky":false,"template":"","format":"standard","meta":{"_seopress_robots_primary_cat":"","_seopress_titles_title":"","_seopress_titles_desc":"","_seopress_robots_index":"","_exactmetrics_skip_tracking":false,"_exactmetrics_sitenote_active":false,"_exactmetrics_sitenote_note":"","_exactmetrics_sitenote_category":0,"footnotes":""},"categories":[119,130],"tags":[174,303,387,442,545,542,613,615,663,787,788,939,938,940],"class_list":["post-6131","post","type-post","status-publish","format-standard","has-post-thumbnail","hentry","category-sables","category-special-paques","tag-ananas","tag-cap-cuisine","tag-confiture","tag-dessert","tag-gourmand","tag-gouter","tag-latelier-de-steph-et-lolie","tag-la-cour-dorgeres","tag-mangue","tag-paques","tag-pate","tag-sable","tag-sables","tag-safran"],"_links":{"self":[{"href":"https:\/\/www.latelierdestephetlolie.com\/index.php?rest_route=\/wp\/v2\/posts\/6131","targetHints":{"allow":["GET"]}}],"collection":[{"href":"https:\/\/www.latelierdestephetlolie.com\/index.php?rest_route=\/wp\/v2\/posts"}],"about":[{"href":"https:\/\/www.latelierdestephetlolie.com\/index.php?rest_route=\/wp\/v2\/types\/post"}],"author":[{"embeddable":true,"href":"https:\/\/www.latelierdestephetlolie.com\/index.php?rest_route=\/wp\/v2\/users\/3"}],"replies":[{"embeddable":true,"href":"https:\/\/www.latelierdestephetlolie.com\/index.php?rest_route=%2Fwp%2Fv2%2Fcomments&post=6131"}],"version-history":[{"count":5,"href":"https:\/\/www.latelierdestephetlolie.com\/index.php?rest_route=\/wp\/v2\/posts\/6131\/revisions"}],"predecessor-version":[{"id":215399,"href":"https:\/\/www.latelierdestephetlolie.com\/index.php?rest_route=\/wp\/v2\/posts\/6131\/revisions\/215399"}],"wp:featuredmedia":[{"embeddable":true,"href":"https:\/\/www.latelierdestephetlolie.com\/index.php?rest_route=\/wp\/v2\/media\/6137"}],"wp:attachment":[{"href":"https:\/\/www.latelierdestephetlolie.com\/index.php?rest_route=%2Fwp%2Fv2%2Fmedia&parent=6131"}],"wp:term":[{"taxonomy":"category","embeddable":true,"href":"https:\/\/www.latelierdestephetlolie.com\/index.php?rest_route=%2Fwp%2Fv2%2Fcategories&post=6131"},{"taxonomy":"post_tag","embeddable":true,"href":"https:\/\/www.latelierdestephetlolie.com\/index.php?rest_route=%2Fwp%2Fv2%2Ftags&post=6131"}],"curies":[{"name":"wp","href":"https:\/\/api.w.org\/{rel}","templated":true}]}}