{"id":5986,"date":"2016-02-28T11:54:03","date_gmt":"2016-02-28T10:54:03","guid":{"rendered":"https:\/\/www.latelierdestephetlolie.com\/?p=5986"},"modified":"2016-12-12T15:43:24","modified_gmt":"2016-12-12T14:43:24","slug":"verrines-au-cabecou-et-a-la-mangue","status":"publish","type":"post","link":"https:\/\/www.latelierdestephetlolie.com\/?p=5986","title":{"rendered":"Verrines au \u00ab\u00a0cab\u00e9cou et \u00e0 la mangue\u00a0\u00bb"},"content":{"rendered":"<p><img loading=\"lazy\" decoding=\"async\" class=\"aligncenter wp-image-5987 size-large\" src=\"https:\/\/www.latelierdestephetlolie.com\/wp-content\/uploads\/2016\/02\/chevre-lapero-fermier5.jpg?w=440\" alt=\"chevre l'apero fermier5\" width=\"440\" height=\"660\" srcset=\"https:\/\/www.latelierdestephetlolie.com\/wp-content\/uploads\/2016\/02\/chevre-lapero-fermier5.jpg 1000w, https:\/\/www.latelierdestephetlolie.com\/wp-content\/uploads\/2016\/02\/chevre-lapero-fermier5-200x300.jpg 200w, https:\/\/www.latelierdestephetlolie.com\/wp-content\/uploads\/2016\/02\/chevre-lapero-fermier5-768x1152.jpg 768w, https:\/\/www.latelierdestephetlolie.com\/wp-content\/uploads\/2016\/02\/chevre-lapero-fermier5-683x1024.jpg 683w, https:\/\/www.latelierdestephetlolie.com\/wp-content\/uploads\/2016\/02\/chevre-lapero-fermier5-940x1410.jpg 940w\" sizes=\"auto, (max-width: 440px) 100vw, 440px\" \/><br \/>\nR\u00e9cemment j&rsquo;ai re\u00e7u une box ap\u00e9ro de \u00ab\u00a0l&rsquo;ap\u00e9ro fermier\u00a0\u00bb vous connaissez ?<br \/>\n\u00ab\u00a0Tous les mois, recevez chez vous une Box \u00ab Ap\u00e9ro \u00bb surprise diff\u00e9rente, garnie de 5 \u00e0 6 produits du terroir du Sud-Ouest,en direct des Fermes et Petits Producteurs du Lot-et-Garonne.Pour des Ap\u00e9ros rustiques (parfois jusque dans l\u2019\u00e9tiquette !) et authentiques, ruraux et conviviaux, aux saveurs artisanales\u00a0\u00bb.<\/p>\n<p>Je vous laisse d\u00e9couvrir le concept : \u00a0<span style=\"color:#800000\"><strong><a style=\"color:#800000\" href=\"http:\/\/laboxdumois.fr\/box\/l-apero-fermier-fevrier-2016.html\">laboxdumois.fr<\/a><\/strong><\/span><\/p>\n<p><span style=\"color:#ffffff\">\u00ab\u00a0<\/span><br \/>\nA l&rsquo;int\u00e9rieur de cette box il y avait un Cab\u00e9cou Fermier \u00e0 l&rsquo;huile d&rsquo;olive. Etant une inconditionnelle fan de ch\u00e8vre et d&rsquo;ap\u00e9ros, je me suis dit qu&rsquo;il irait parfaitement dans mes verrines, avec la mangue,\u00a0c&rsquo;est juste excellent !<\/p>\n<p><span style=\"text-decoration:underline;color:#800000\">Ingr\u00e9dients pour 4 grandes verrines:<\/span><\/p>\n<ul>\n<li><span style=\"color:#808080\">4 grands verres<\/span><\/li>\n<li><span style=\"color:#808080\">130g de Cab\u00e9cou\u00a0<span style=\"color:#800000\"><strong><a style=\"color:#800000\" href=\"http:\/\/www.chaudronmagique.fr\/produitsterroir-fromages.html\">chaudronmagique<\/a><span style=\"color:#808080\">\u00a0<\/span><\/strong><span style=\"color:#808080\">(<\/span><span style=\"color:#808080\">d\u00e9licieux)<strong>,\u00a0<\/strong><\/span><\/span>bien s\u00fbr vous pouvez utiliser un autre type de ch\u00e8vre \ud83d\ude09\u00a0<\/span><\/li>\n<li><span style=\"color:#808080\">4 tranches de saumon fum\u00e9<\/span><\/li>\n<li><span style=\"color:#808080\">1 mangue bien m\u00fbre<\/span><\/li>\n<li><span style=\"color:#808080\">1 pomme granny\u00a0<\/span><\/li>\n<li><span style=\"color:#808080\">4 c\u00e0s de vinaigre\u00a0\u00e0 la pulpe de mangue &#8211; celui-ci est excellent:<span style=\"color:#800000\"><strong>\u00a0<a style=\"color:#800000\" href=\"http:\/\/www.1001huiles.fr\/index.php\/fr\/accueil-fr\/familles\/vinaigres\/vinaigres-a-la-pulpe-de-fruits\/vinaigre-a-la-pulpe-de-mangue-detail\">1001huiles<\/a><\/strong><\/span><\/span><\/li>\n<li><span style=\"color:#808080\">4 c\u00e0c de vinaigre balsamique<\/span><\/li>\n<li><span style=\"color:#808080\">Quelques tiges de ciboulette fra\u00eeche\u00a0<\/span><\/li>\n<li><span style=\"color:#808080\">1 citron<\/span><\/li>\n<li><span style=\"color:#808080\">Sel, poivre noir du moulin<\/span><\/li>\n<\/ul>\n<p><span style=\"text-decoration:underline\"><span style=\"color:#800000;text-decoration:underline\">Pr\u00e9paration:<\/span><\/span><\/p>\n<p>\u00c9pluchez et coupez la mangue en petits cubes, d\u00e9posez-en quelques\u00a0petits cubes au fond des verrines<\/p>\n<p>Ajoutez le saumon coup\u00e9 en fines lamelles<\/p>\n<p>\u00c9pluchez et coupez la pomme en petits cubes, arrosez-les du jus de citron (pour \u00e9viter qu&rsquo;ils noircissent), d\u00e9posez quelques cubes sur le saumon<\/p>\n<p>A l&rsquo;aide d&rsquo;une cuill\u00e8re \u00e0 caf\u00e9 r\u00e9alisez des petites quenelles avec le Cab\u00e9cou<\/p>\n<p>Puis d\u00e9posez-les sur les cubes de pommes, ajoutez la ciboulette cisel\u00e9e<\/p>\n<p>Terminez en assaisonnent les verrines de vinaigre \u00e0 la pulpe de mangue et de balsamique, salez, poivrez<\/p>\n<p>Parfait en entr\u00e9e (ou en version plus petites, pour un ap\u00e9ro)<\/p>\n<p>&nbsp;<\/p>\n<p><img loading=\"lazy\" decoding=\"async\" class=\"aligncenter size-large wp-image-5989\" src=\"https:\/\/www.latelierdestephetlolie.com\/wp-content\/uploads\/2016\/02\/chevre-lapero-fermier3.jpg?w=683\" alt=\"chevre l'apero fermier3\" width=\"683\" height=\"1024\" srcset=\"https:\/\/www.latelierdestephetlolie.com\/wp-content\/uploads\/2016\/02\/chevre-lapero-fermier3.jpg 1000w, https:\/\/www.latelierdestephetlolie.com\/wp-content\/uploads\/2016\/02\/chevre-lapero-fermier3-200x300.jpg 200w, https:\/\/www.latelierdestephetlolie.com\/wp-content\/uploads\/2016\/02\/chevre-lapero-fermier3-768x1152.jpg 768w, https:\/\/www.latelierdestephetlolie.com\/wp-content\/uploads\/2016\/02\/chevre-lapero-fermier3-683x1024.jpg 683w, https:\/\/www.latelierdestephetlolie.com\/wp-content\/uploads\/2016\/02\/chevre-lapero-fermier3-940x1410.jpg 940w\" sizes=\"auto, (max-width: 683px) 100vw, 683px\" \/>\u00a0 \u00a0 \u00a0 \u00a0 \u00a0\u00a0<img loading=\"lazy\" decoding=\"async\" class=\"aligncenter size-large wp-image-5990\" src=\"https:\/\/www.latelierdestephetlolie.com\/wp-content\/uploads\/2016\/02\/chevre-lapero-fermier1.jpg?w=683\" alt=\"chevre l'apero fermier1\" width=\"683\" height=\"1024\" srcset=\"https:\/\/www.latelierdestephetlolie.com\/wp-content\/uploads\/2016\/02\/chevre-lapero-fermier1.jpg 1000w, https:\/\/www.latelierdestephetlolie.com\/wp-content\/uploads\/2016\/02\/chevre-lapero-fermier1-200x300.jpg 200w, https:\/\/www.latelierdestephetlolie.com\/wp-content\/uploads\/2016\/02\/chevre-lapero-fermier1-768x1152.jpg 768w, https:\/\/www.latelierdestephetlolie.com\/wp-content\/uploads\/2016\/02\/chevre-lapero-fermier1-683x1024.jpg 683w, https:\/\/www.latelierdestephetlolie.com\/wp-content\/uploads\/2016\/02\/chevre-lapero-fermier1-940x1410.jpg 940w\" sizes=\"auto, (max-width: 683px) 100vw, 683px\" \/><\/p>\n","protected":false},"excerpt":{"rendered":"<p>R\u00e9cemment j&rsquo;ai re\u00e7u une box ap\u00e9ro de \u00ab\u00a0l&rsquo;ap\u00e9ro fermier\u00a0\u00bb vous connaissez ? \u00ab\u00a0Tous les mois, recevez chez vous une Box \u00ab Ap\u00e9ro \u00bb surprise diff\u00e9rente, garnie de 5 \u00e0 6 produits du terroir du Sud-Ouest,en direct des Fermes et Petits Producteurs du Lot-et-Garonne.Pour des Ap\u00e9ros rustiques (parfois jusque dans l\u2019\u00e9tiquette !) et authentiques, ruraux et conviviaux, aux saveurs artisanales\u00a0\u00bb. Je vous laisse d\u00e9couvrir le concept : \u00a0laboxdumois.fr \u00ab\u00a0 A l&rsquo;int\u00e9rieur de cette box il y&hellip;<\/p>\n","protected":false},"author":3,"featured_media":5991,"comment_status":"open","ping_status":"open","sticky":false,"template":"","format":"standard","meta":{"_seopress_robots_primary_cat":"","_seopress_titles_title":"","_seopress_titles_desc":"","_seopress_robots_index":"","_exactmetrics_skip_tracking":false,"_exactmetrics_sitenote_active":false,"_exactmetrics_sitenote_note":"","_exactmetrics_sitenote_category":0,"footnotes":""},"categories":[8,117,149],"tags":[157,177,263,284,337,463,610,631,663,874,963,1053,1062,1065],"class_list":["post-5986","post","type-post","status-publish","format-standard","has-post-thumbnail","hentry","category-apero","category-recettes-de-partenariat","category-verrines-salees","tag-1001huiles","tag-apero-2","tag-box-apero","tag-cabecou","tag-chevre","tag-entree","tag-lapero-fermier","tag-le-chaudron-magique","tag-mangue","tag-pomme","tag-saumonfume","tag-verrines","tag-vinaigrebalsamique","tag-vinaigredemangue"],"_links":{"self":[{"href":"https:\/\/www.latelierdestephetlolie.com\/index.php?rest_route=\/wp\/v2\/posts\/5986","targetHints":{"allow":["GET"]}}],"collection":[{"href":"https:\/\/www.latelierdestephetlolie.com\/index.php?rest_route=\/wp\/v2\/posts"}],"about":[{"href":"https:\/\/www.latelierdestephetlolie.com\/index.php?rest_route=\/wp\/v2\/types\/post"}],"author":[{"embeddable":true,"href":"https:\/\/www.latelierdestephetlolie.com\/index.php?rest_route=\/wp\/v2\/users\/3"}],"replies":[{"embeddable":true,"href":"https:\/\/www.latelierdestephetlolie.com\/index.php?rest_route=%2Fwp%2Fv2%2Fcomments&post=5986"}],"version-history":[{"count":1,"href":"https:\/\/www.latelierdestephetlolie.com\/index.php?rest_route=\/wp\/v2\/posts\/5986\/revisions"}],"predecessor-version":[{"id":7803,"href":"https:\/\/www.latelierdestephetlolie.com\/index.php?rest_route=\/wp\/v2\/posts\/5986\/revisions\/7803"}],"wp:featuredmedia":[{"embeddable":true,"href":"https:\/\/www.latelierdestephetlolie.com\/index.php?rest_route=\/wp\/v2\/media\/5991"}],"wp:attachment":[{"href":"https:\/\/www.latelierdestephetlolie.com\/index.php?rest_route=%2Fwp%2Fv2%2Fmedia&parent=5986"}],"wp:term":[{"taxonomy":"category","embeddable":true,"href":"https:\/\/www.latelierdestephetlolie.com\/index.php?rest_route=%2Fwp%2Fv2%2Fcategories&post=5986"},{"taxonomy":"post_tag","embeddable":true,"href":"https:\/\/www.latelierdestephetlolie.com\/index.php?rest_route=%2Fwp%2Fv2%2Ftags&post=5986"}],"curies":[{"name":"wp","href":"https:\/\/api.w.org\/{rel}","templated":true}]}}