{"id":5846,"date":"2016-02-04T08:16:42","date_gmt":"2016-02-04T07:16:42","guid":{"rendered":"https:\/\/www.latelierdestephetlolie.com\/?p=5846"},"modified":"2016-12-12T15:43:26","modified_gmt":"2016-12-12T14:43:26","slug":"tarte-alsacienne","status":"publish","type":"post","link":"https:\/\/www.latelierdestephetlolie.com\/?p=5846","title":{"rendered":"Tarte alsacienne"},"content":{"rendered":"<p><img loading=\"lazy\" decoding=\"async\" class=\"alignnone size-full wp-image-5843\" src=\"https:\/\/www.latelierdestephetlolie.com\/wp-content\/uploads\/2016\/02\/tarte-pomme-cap1.jpg\" alt=\"tarte pomme cap1\" width=\"1000\" height=\"1500\" srcset=\"https:\/\/www.latelierdestephetlolie.com\/wp-content\/uploads\/2016\/02\/tarte-pomme-cap1.jpg 1000w, https:\/\/www.latelierdestephetlolie.com\/wp-content\/uploads\/2016\/02\/tarte-pomme-cap1-200x300.jpg 200w, https:\/\/www.latelierdestephetlolie.com\/wp-content\/uploads\/2016\/02\/tarte-pomme-cap1-768x1152.jpg 768w, https:\/\/www.latelierdestephetlolie.com\/wp-content\/uploads\/2016\/02\/tarte-pomme-cap1-683x1024.jpg 683w, https:\/\/www.latelierdestephetlolie.com\/wp-content\/uploads\/2016\/02\/tarte-pomme-cap1-940x1410.jpg 940w\" sizes=\"auto, (max-width: 1000px) 100vw, 1000px\" \/><\/p>\n<p>Voici une d\u00e9licieuse tarte alsacienne que j&rsquo;ai r\u00e9alis\u00e9e \u00e0 la maison&#8230;Et que j&rsquo;avais d\u00e9j\u00e0 r\u00e9alis\u00e9e en CAP Cuisine, je redoute souvent le moment ou\u00a0il faut foncer la tarte mais avec un peu d&rsquo;entrainement cela commence \u00e0 \u00eatre plut\u00f4t pas mal \ud83d\ude42 j&rsquo;esp\u00e8re qu&rsquo;elle vous plaira et si en plus je peux vous faire partager un max de techniques culinaires que j&rsquo;apprends pendant mon CAP, j&rsquo;en suis ravie \ud83d\ude09<\/p>\n<p>Voici les \u00e9tapes pour bien la r\u00e9ussir \ud83d\ude09<\/p>\n<p><span style=\"text-decoration:underline;color:#800000\">Ingr\u00e9dients pour 8 personnes:<\/span><\/p>\n<p><span style=\"color:#ffffff\">\u00ab\u00a0<\/span><br \/>\n<span style=\"text-decoration:underline\"><span style=\"color:#800000;text-decoration:underline\">Pour la p\u00e2te bris\u00e9e sucr\u00e9e:<\/span><\/span><br \/>\n<span style=\"color:#808080\"><em>250g de farine<\/em><\/span><br \/>\n<span style=\"color:#808080\"><em>125g de beurre<\/em><\/span><br \/>\n<span style=\"color:#808080\"><em>50g d&rsquo;eau<\/em><\/span><br \/>\n<span style=\"color:#808080\"><em>4g de sel<\/em><\/span><br \/>\n<span style=\"color:#808080\"><em>1 jaune d&rsquo;oeuf<\/em><\/span><br \/>\n<span style=\"color:#808080\"><em>25g de sucre<\/em><\/span><\/p>\n<p><span style=\"color:#ffffff\">\u00ab\u00a0<\/span><br \/>\n<span style=\"text-decoration:underline;color:#800000\">Pour l&rsquo;appareil \u00e0 cr\u00e8me prise<\/span><br \/>\n<span style=\"color:#808080\"><em>200ml de lait<\/em><\/span><br \/>\n<span style=\"color:#808080\"><em>100ml de cr\u00e8me liquide<\/em><\/span><br \/>\n<span style=\"color:#808080\"><em>50g de sucre<\/em><\/span><br \/>\n<span style=\"color:#808080\"><em>1 jaune d&rsquo;oeuf<\/em><\/span><br \/>\n<span style=\"color:#808080\"><em>2 oeufs <\/em><\/span><br \/>\n<span style=\"color:#808080\"><em>1 c\u00e0c de vanille liquide<\/em><\/span><\/p>\n<p><span style=\"color:#ffffff\">\u00ab\u00a0<\/span><br \/>\n<span style=\"text-decoration:underline\"><span style=\"color:#800000;text-decoration:underline\">Garniture<\/span><\/span><br \/>\n<span style=\"color:#808080\"><em>600g de pommes<\/em><\/span><br \/>\n<span style=\"color:#808080\"><em>Sucre glace<\/em><\/span><\/p>\n<p><span style=\"color:#ffffff\">\u00ab\u00a0<\/span><br \/>\n<span style=\"text-decoration:underline;color:#800000\">Pr\u00e9parer la p\u00e2te bris\u00e9e:<\/span><\/p>\n<p><span style=\"color:#ffffff\">\u00ab\u00a0<\/span><br \/>\nSabler le beurre avec la farine, mettre le sablage en fontaine. Ajouter au centre l&rsquo;eau, le jaune d\u2019\u0153uf, le sel et le sucre. M\u00e9langer l&rsquo;ensemble et<strong> fraiser*<\/strong> 2 fois la p\u00e2te. Filmer la p\u00e2te et r\u00e9server au frais.<br \/>\nR\u00e9aliser l&rsquo;appareil \u00e0 cr\u00e8me prise sucr\u00e9e<br \/>\nM\u00e9langer au fouet dans un saladier \u0153ufs, jaunes, sucre,lait, cr\u00e8me liquide et vanille. Passer l&rsquo;appareil \u00e0 cr\u00e8me prise sucr\u00e9 au <strong>chinois \u00e9tamine*<\/strong><\/p>\n<p><span style=\"color:#ffffff\">\u00ab\u00a0<\/span><br \/>\n<span style=\"text-decoration:underline\"><span style=\"color:#800000;text-decoration:underline\">Monter et cuire la tarte:<\/span><\/span><\/p>\n<p><span style=\"color:#ffffff\">\u00ab\u00a0<\/span><br \/>\nD\u00e9couper les pommes en lamelle de 1cm d&rsquo;\u00e9paisseur, beurrer et <strong>foncer*<\/strong> le cercle \u00e0 tarte. Garnir le fond de la tarte avec une rosace de pommes. Placer la tarte sur une plaque \u00e0 l&rsquo;entr\u00e9e du four, verser l&rsquo;appareil \u00e0 cr\u00e8me prise presque jusqu&rsquo;\u00e0 ras bords du cercle<br \/>\nEnfourner la tarte 20mn \u00e0 200\u00b0C. D\u00e9cercler et la cuire 15mn de plus<br \/>\nD\u00e9barrasser la tarte sur une grille ou sur un plat et saupoudrer de sucre glace<br \/>\nc&rsquo;est pr\u00eat \ud83d\ude42 bonne gourmandise<\/p>\n<p><span style=\"color:#ffffff\">\u00ab\u00a0<\/span><br \/>\n<span style=\"text-decoration:underline\"><span style=\"color:#800000;text-decoration:underline\">Vocabulaire professionnel :<\/span><\/span><\/p>\n<p><span style=\"color:#ffffff\">\u00ab\u00a0<\/span><br \/>\n<strong>*Fraiser<\/strong> : \u00c9craser une p\u00e2te avec la paume de la main dans le but de l&rsquo;homog\u00e9n\u00e9iser<br \/>\n<strong>*Chinois \u00e9tamine:<\/strong> Est une passoire de forme conique servant \u00e0 passer des fonds, sauces<br \/>\n<strong>*Foncer:<\/strong> Placer une p\u00e2te dans le fond d&rsquo;un moule ou d&rsquo;un cercle \u00e0 tarte<\/p>\n<p><img loading=\"lazy\" decoding=\"async\" class=\"size-medium wp-image-5850 aligncenter\" src=\"https:\/\/www.latelierdestephetlolie.com\/wp-content\/uploads\/2016\/02\/tarte-alsacienne.jpg?w=300\" alt=\"tarte alsacienne\" width=\"300\" height=\"300\" srcset=\"https:\/\/www.latelierdestephetlolie.com\/wp-content\/uploads\/2016\/02\/tarte-alsacienne.jpg 640w, https:\/\/www.latelierdestephetlolie.com\/wp-content\/uploads\/2016\/02\/tarte-alsacienne-150x150.jpg 150w, https:\/\/www.latelierdestephetlolie.com\/wp-content\/uploads\/2016\/02\/tarte-alsacienne-300x300.jpg 300w\" sizes=\"auto, (max-width: 300px) 100vw, 300px\" \/><\/p>\n<p><img loading=\"lazy\" decoding=\"async\" class=\"alignnone size-full wp-image-5844\" src=\"https:\/\/www.latelierdestephetlolie.com\/wp-content\/uploads\/2016\/02\/tarte-pomme-cap2.jpg\" alt=\"tarte pomme cap2\" width=\"1000\" height=\"1500\" srcset=\"https:\/\/www.latelierdestephetlolie.com\/wp-content\/uploads\/2016\/02\/tarte-pomme-cap2.jpg 1000w, https:\/\/www.latelierdestephetlolie.com\/wp-content\/uploads\/2016\/02\/tarte-pomme-cap2-200x300.jpg 200w, https:\/\/www.latelierdestephetlolie.com\/wp-content\/uploads\/2016\/02\/tarte-pomme-cap2-768x1152.jpg 768w, https:\/\/www.latelierdestephetlolie.com\/wp-content\/uploads\/2016\/02\/tarte-pomme-cap2-683x1024.jpg 683w, https:\/\/www.latelierdestephetlolie.com\/wp-content\/uploads\/2016\/02\/tarte-pomme-cap2-940x1410.jpg 940w\" sizes=\"auto, (max-width: 1000px) 100vw, 1000px\" \/><\/p>\n","protected":false},"excerpt":{"rendered":"<p>Voici une d\u00e9licieuse tarte alsacienne que j&rsquo;ai r\u00e9alis\u00e9e \u00e0 la maison&#8230;Et que j&rsquo;avais d\u00e9j\u00e0 r\u00e9alis\u00e9e en CAP Cuisine, je redoute souvent le moment ou\u00a0il faut foncer la tarte mais avec un peu d&rsquo;entrainement cela commence \u00e0 \u00eatre plut\u00f4t pas mal \ud83d\ude42 j&rsquo;esp\u00e8re qu&rsquo;elle vous plaira et si en plus je peux vous faire partager un max de techniques culinaires que j&rsquo;apprends pendant mon CAP, j&rsquo;en suis ravie \ud83d\ude09 Voici les \u00e9tapes pour bien la r\u00e9ussir&hellip;<\/p>\n","protected":false},"author":3,"featured_media":5850,"comment_status":"open","ping_status":"open","sticky":false,"template":"","format":"standard","meta":{"_seopress_robots_primary_cat":"","_seopress_titles_title":"","_seopress_titles_desc":"","_seopress_robots_index":"","_exactmetrics_skip_tracking":false,"_exactmetrics_sitenote_active":false,"_exactmetrics_sitenote_note":"","_exactmetrics_sitenote_category":0,"footnotes":""},"categories":[24,133,139],"tags":[183,303,442,613,792,876,1006,1007,1074],"class_list":["post-5846","post","type-post","status-publish","format-standard","has-post-thumbnail","hentry","category-cap-cuisine","category-tarte-alsacienne","category-tartes-sucrees","tag-appareil-a-creme-prise-sucree","tag-cap-cuisine","tag-dessert","tag-latelier-de-steph-et-lolie","tag-pate-brisee","tag-pommes","tag-tarte","tag-tarte-alsacienne","tag-vocabulaires-culinaires"],"_links":{"self":[{"href":"https:\/\/www.latelierdestephetlolie.com\/index.php?rest_route=\/wp\/v2\/posts\/5846","targetHints":{"allow":["GET"]}}],"collection":[{"href":"https:\/\/www.latelierdestephetlolie.com\/index.php?rest_route=\/wp\/v2\/posts"}],"about":[{"href":"https:\/\/www.latelierdestephetlolie.com\/index.php?rest_route=\/wp\/v2\/types\/post"}],"author":[{"embeddable":true,"href":"https:\/\/www.latelierdestephetlolie.com\/index.php?rest_route=\/wp\/v2\/users\/3"}],"replies":[{"embeddable":true,"href":"https:\/\/www.latelierdestephetlolie.com\/index.php?rest_route=%2Fwp%2Fv2%2Fcomments&post=5846"}],"version-history":[{"count":1,"href":"https:\/\/www.latelierdestephetlolie.com\/index.php?rest_route=\/wp\/v2\/posts\/5846\/revisions"}],"predecessor-version":[{"id":7811,"href":"https:\/\/www.latelierdestephetlolie.com\/index.php?rest_route=\/wp\/v2\/posts\/5846\/revisions\/7811"}],"wp:featuredmedia":[{"embeddable":true,"href":"https:\/\/www.latelierdestephetlolie.com\/index.php?rest_route=\/wp\/v2\/media\/5850"}],"wp:attachment":[{"href":"https:\/\/www.latelierdestephetlolie.com\/index.php?rest_route=%2Fwp%2Fv2%2Fmedia&parent=5846"}],"wp:term":[{"taxonomy":"category","embeddable":true,"href":"https:\/\/www.latelierdestephetlolie.com\/index.php?rest_route=%2Fwp%2Fv2%2Fcategories&post=5846"},{"taxonomy":"post_tag","embeddable":true,"href":"https:\/\/www.latelierdestephetlolie.com\/index.php?rest_route=%2Fwp%2Fv2%2Ftags&post=5846"}],"curies":[{"name":"wp","href":"https:\/\/api.w.org\/{rel}","templated":true}]}}