{"id":514,"date":"2013-12-17T09:00:00","date_gmt":"2013-12-17T08:00:00","guid":{"rendered":"https:\/\/www.latelierdestephetlolie.com\/2013\/12\/17\/carrot-cake-greenwich-village"},"modified":"2016-12-12T15:47:21","modified_gmt":"2016-12-12T14:47:21","slug":"carrot-cake-greenwich-village","status":"publish","type":"post","link":"https:\/\/www.latelierdestephetlolie.com\/?p=514","title":{"rendered":"Carrot cake \u00ab\u00a0Greenwich Village\u00a0\u00bb"},"content":{"rendered":"<p><!-- [if gte mso 9]&gt;   Normal  0      21      false  false  false    FR  X-NONE  X-NONE                                       MicrosoftInternetExplorer4                                     &lt;![endif]--><br \/>\n<!-- [if gte mso 9]&gt;                                                                                                                                                                                                                                                                                    &lt;![endif]--><!-- [if gte mso 10]&gt; \/* Style Definitions *\/  table.MsoNormalTable  {mso-style-name:\"Tableau Normal\";  mso-tstyle-rowband-size:0;  mso-tstyle-colband-size:0;  mso-style-noshow:yes;  mso-style-priority:99;  mso-style-qformat:yes;  mso-style-parent:\"\";  mso-padding-alt:0cm 5.4pt 0cm 5.4pt;  mso-para-margin-top:0cm;  mso-para-margin-right:0cm;  mso-para-margin-bottom:10.0pt;  mso-para-margin-left:0cm;  line-height:115%;  mso-pagination:widow-orphan;  font-size:11.0pt;  font-family:\"Calibri\",\"sans-serif\";  mso-ascii-font-family:Calibri;  mso-ascii-theme-font:minor-latin;  mso-fareast-font-family:\"Times New Roman\";  mso-fareast-theme-font:minor-fareast;  mso-hansi-font-family:Calibri;  mso-hansi-theme-font:minor-latin;} &lt;![endif]--><\/p>\n<div class=\"MsoNormal\">Le fameux \u00ab\u00a0carrot cake\u00a0\u00bb un d\u00e9lice m\u00eame Lolie ma fille l\u2019a bcp appr\u00e9ci\u00e9, souvenir qui me replonge \u00e0 New York, pendant notre voyage de noce, o\u00f9 je les admirais dans les vitrines des Bakers (boulangeries) de Greenwich Village avant de les d\u00e9vorer.<\/div>\n<div class=\"MsoNormal\"><\/div>\n<div class=\"MsoNormal\"><span style=\"color:orange\">Les ingr\u00e9dients\u00a0:<\/span><\/div>\n<div class=\"MsoNormal\"><\/div>\n<div class=\"MsoNormal\">300g de carottes r\u00e2p\u00e9es<\/div>\n<div class=\"MsoNormal\">4 \u0153ufs<\/div>\n<div class=\"MsoNormal\">200g de beurre<\/div>\n<div class=\"MsoNormal\">240g de farine<\/div>\n<div class=\"MsoNormal\">180g de sucre cassonade<\/div>\n<div class=\"MsoNormal\">1\u00a0\/2\u00a0 sachet de levure chimique<\/div>\n<div class=\"MsoNormal\">1c. \u00e0 caf\u00e9 de cannelle<\/div>\n<div class=\"MsoNormal\">Sel<\/div>\n<div class=\"MsoNormal\"><\/div>\n<div class=\"MsoNormal\"><span style=\"color:orange\">Pour la cr\u00e8me\u00a0:<\/span><\/div>\n<div class=\"MsoNormal\"><\/div>\n<div class=\"MsoNormal\">150g de fromage St-M\u00f4ret<\/div>\n<div class=\"MsoNormal\">150g de mascarpone<\/div>\n<div class=\"MsoNormal\">50g de sucre glace<\/div>\n<div class=\"MsoNormal\">Le zeste d\u2019une mandarine<\/div>\n<div class=\"MsoNormal\">1c. \u00e0 caf\u00e9 de vanille liquide<\/div>\n<div class=\"MsoNormal\">Pr\u00e9chauffez le four th. 6 (180\u00b0C).<br \/>\nFaites fondre le beurre et laissez-le ti\u00e9dir.<\/div>\n<div class=\"MsoNormal\">M\u00e9langez la farine avec la cassonade, la levure, la cannelle et 1 pinc\u00e9e de sel.<\/div>\n<div class=\"MsoNormal\">Incorporez les \u0153ufs entiers, le beurre ti\u00e9di et m\u00e9langez le tout au batteur \u00e9lectrique.<\/div>\n<div class=\"MsoNormal\">Ajoutez les carottes et la vanille. Versez le tout dans un moule beurr\u00e9 et faites cuire au four pendant 30mn.<\/div>\n<div class=\"MsoNormal\">Pr\u00e9parez la cr\u00e8me\u00a0: \u00a0Fouettez le St-Mor\u00eat\u00a0 avec le mascarpone, ajoutez le sucre glace, la vanille et le zeste de mandarine. \u00a0M\u00e9langez afin d\u2019obtenir une consistance cr\u00e9meuse, mettre au frais.<\/div>\n<div class=\"MsoNormal\"><\/div>\n<div class=\"MsoNormal\">D\u00e9posez une part de g\u00e2teau sur une jolie assiette et ajoutez sur le dessus une cuill\u00e8re \u00e0 soupe de cr\u00e8me.<\/div>\n<div class=\"MsoNormal\">J&rsquo;ai \u00ab\u00a0chin\u00e9\u00a0\u00bb cette recette dans le magazine ELLE et j&rsquo;avais envie de vous la faire partager.<\/div>\n<div class=\"MsoNormal\">Les photos sont bien de moi \ud83d\ude42 lol<\/div>\n<div class=\"separator\" style=\"clear:both;text-align:center\"><\/div>\n<div class=\"separator\" style=\"clear:both;text-align:center\"><\/div>\n<p>&nbsp;<\/p>\n<div class=\"separator\" style=\"clear:both;text-align:center\">\u00a0<img loading=\"lazy\" decoding=\"async\" class=\"aligncenter\" src=\"https:\/\/www.latelierdestephetlolie.com\/wp-content\/uploads\/2014\/09\/b9b65-cakecarot3.jpg?w=200\" alt=\"\" width=\"265\" height=\"400\" border=\"0\" \/><\/div>\n<div class=\"separator\" style=\"clear:both;text-align:center\"><a style=\"margin-left:1em;margin-right:1em\" href=\"https:\/\/www.latelierdestephetlolie.com\/wp-content\/uploads\/2014\/09\/89b89-cakecarot2.jpg\"><img loading=\"lazy\" decoding=\"async\" src=\"https:\/\/www.latelierdestephetlolie.com\/wp-content\/uploads\/2014\/09\/89b89-cakecarot2.jpg?w=200\" alt=\"\" width=\"425\" height=\"640\" border=\"0\" \/><\/a><\/div>\n<div class=\"separator\" style=\"clear:both;text-align:center\"><a style=\"margin-left:1em;margin-right:1em\" href=\"https:\/\/www.latelierdestephetlolie.com\/wp-content\/uploads\/2014\/09\/7c898-cakecarot4.jpg\"><img loading=\"lazy\" decoding=\"async\" src=\"https:\/\/www.latelierdestephetlolie.com\/wp-content\/uploads\/2014\/09\/08d7e-cakecarot0taxi.jpg?w=200\" alt=\"\" width=\"266\" height=\"400\" border=\"0\" \/><br \/>\n<\/a><\/div>\n","protected":false},"excerpt":{"rendered":"<p>Le fameux \u00ab\u00a0carrot cake\u00a0\u00bb un d\u00e9lice m\u00eame Lolie ma fille l\u2019a bcp appr\u00e9ci\u00e9, souvenir qui me replonge \u00e0 New York, pendant notre voyage de noce, o\u00f9 je les admirais dans les vitrines des Bakers (boulangeries) de Greenwich Village avant de les d\u00e9vorer. Les ingr\u00e9dients\u00a0: 300g de carottes r\u00e2p\u00e9es 4 \u0153ufs 200g de beurre 240g de farine 180g de sucre cassonade 1\u00a0\/2\u00a0 sachet de levure chimique 1c. \u00e0 caf\u00e9 de cannelle Sel Pour la cr\u00e8me\u00a0: 150g&hellip;<\/p>\n","protected":false},"author":3,"featured_media":629,"comment_status":"open","ping_status":"open","sticky":false,"template":"","format":"standard","meta":{"_seopress_robots_primary_cat":"","_seopress_titles_title":"","_seopress_titles_desc":"","_seopress_robots_index":"","_exactmetrics_skip_tracking":false,"_exactmetrics_sitenote_active":false,"_exactmetrics_sitenote_note":"","_exactmetrics_sitenote_category":0,"footnotes":""},"categories":[66],"tags":[297,311,312,562],"class_list":["post-514","post","type-post","status-publish","format-standard","has-post-thumbnail","hentry","category-gateau","tag-canelle","tag-carotte","tag-carottecake","tag-greenwichvillage"],"_links":{"self":[{"href":"https:\/\/www.latelierdestephetlolie.com\/index.php?rest_route=\/wp\/v2\/posts\/514","targetHints":{"allow":["GET"]}}],"collection":[{"href":"https:\/\/www.latelierdestephetlolie.com\/index.php?rest_route=\/wp\/v2\/posts"}],"about":[{"href":"https:\/\/www.latelierdestephetlolie.com\/index.php?rest_route=\/wp\/v2\/types\/post"}],"author":[{"embeddable":true,"href":"https:\/\/www.latelierdestephetlolie.com\/index.php?rest_route=\/wp\/v2\/users\/3"}],"replies":[{"embeddable":true,"href":"https:\/\/www.latelierdestephetlolie.com\/index.php?rest_route=%2Fwp%2Fv2%2Fcomments&post=514"}],"version-history":[{"count":1,"href":"https:\/\/www.latelierdestephetlolie.com\/index.php?rest_route=\/wp\/v2\/posts\/514\/revisions"}],"predecessor-version":[{"id":8143,"href":"https:\/\/www.latelierdestephetlolie.com\/index.php?rest_route=\/wp\/v2\/posts\/514\/revisions\/8143"}],"wp:featuredmedia":[{"embeddable":true,"href":"https:\/\/www.latelierdestephetlolie.com\/index.php?rest_route=\/wp\/v2\/media\/629"}],"wp:attachment":[{"href":"https:\/\/www.latelierdestephetlolie.com\/index.php?rest_route=%2Fwp%2Fv2%2Fmedia&parent=514"}],"wp:term":[{"taxonomy":"category","embeddable":true,"href":"https:\/\/www.latelierdestephetlolie.com\/index.php?rest_route=%2Fwp%2Fv2%2Fcategories&post=514"},{"taxonomy":"post_tag","embeddable":true,"href":"https:\/\/www.latelierdestephetlolie.com\/index.php?rest_route=%2Fwp%2Fv2%2Ftags&post=514"}],"curies":[{"name":"wp","href":"https:\/\/api.w.org\/{rel}","templated":true}]}}