{"id":502003,"date":"2017-07-13T12:21:18","date_gmt":"2017-07-13T10:21:18","guid":{"rendered":"https:\/\/www.latelierdestephetlolie.com\/?p=502003"},"modified":"2017-07-13T12:21:18","modified_gmt":"2017-07-13T10:21:18","slug":"tarte-rustique-aux-mirabelles","status":"publish","type":"post","link":"https:\/\/www.latelierdestephetlolie.com\/?p=502003","title":{"rendered":"Tarte rustique aux mirabelles"},"content":{"rendered":"<p><span style=\"text-decoration: underline\">Ingr\u00e9dients pour 4 \u00e0 6 personnes<\/span><\/p>\n<ul>\n<li>250 g de farine<\/li>\n<li>125 g de beurre<\/li>\n<li>1 jaune d\u2019\u0153uf<\/li>\n<li>50 g d&rsquo;eau<\/li>\n<li>5 g de sel<\/li>\n<li>25 g de sucre semoule<\/li>\n<li>120 g de compote velout\u00e9e \u00ab\u00a0pomme, poire\u00a0\u00bb\u00a0<strong><a href=\"http:\/\/www.saintmamet.com\/\">Saint Mamet<\/a><\/strong><\/li>\n<li>300 g de mirabelles environ<\/li>\n<li>1 c\u00e0s de graines de s\u00e9same<\/li>\n<li>1 c\u00e0s de graines de pavot<\/li>\n<\/ul>\n<p><u>Pr\u00e9paration:<\/u><\/p>\n<p>Pr\u00e9chauffez le four \u00e0 180\u00b0C<\/p>\n<p>Sablez le beurre avec la farine, mettez le sablage en fontaine. Ajoutez au centre l\u2019eau, le jaune d\u2019\u0153uf, le sel et le sucre. M\u00e9langez l\u2019ensemble et\u00a0fraisez 2 fois la p\u00e2te<\/p>\n<p>Formez un boule et filmez-la, r\u00e9servez au frais 20 mn<\/p>\n<p>Lavez les mirabelles, coupez les en 2 et d\u00e9noyautez-les<\/p>\n<p>Sortez la p\u00e2te du film, \u00e9talez la sur le plan de travail, puis glissez-la sur une plaque recouverte de papier sulfuris\u00e9<\/p>\n<p>Recouvrez la p\u00e2te de compote, ajoutez les mirabelles, rabattez les bords de la p\u00e2te<\/p>\n<p>Parsemez de graines de s\u00e9same et de pavot<\/p>\n<p>Enfournez pendant 25 mn<\/p>\n<p>&nbsp;<\/p>\n<p><img loading=\"lazy\" decoding=\"async\" class=\"aligncenter wp-image-502065 size-full\" src=\"https:\/\/www.latelierdestephetlolie.com\/wp-content\/uploads\/2017\/07\/tarte-rustique-mirabelle-2-e1499789700955.jpg\" alt=\"\" width=\"1000\" height=\"1551\" srcset=\"https:\/\/www.latelierdestephetlolie.com\/wp-content\/uploads\/2017\/07\/tarte-rustique-mirabelle-2-e1499789700955.jpg 1000w, https:\/\/www.latelierdestephetlolie.com\/wp-content\/uploads\/2017\/07\/tarte-rustique-mirabelle-2-e1499789700955-193x300.jpg 193w, https:\/\/www.latelierdestephetlolie.com\/wp-content\/uploads\/2017\/07\/tarte-rustique-mirabelle-2-e1499789700955-768x1191.jpg 768w, https:\/\/www.latelierdestephetlolie.com\/wp-content\/uploads\/2017\/07\/tarte-rustique-mirabelle-2-e1499789700955-660x1024.jpg 660w, https:\/\/www.latelierdestephetlolie.com\/wp-content\/uploads\/2017\/07\/tarte-rustique-mirabelle-2-e1499789700955-940x1458.jpg 940w\" sizes=\"auto, (max-width: 1000px) 100vw, 1000px\" \/><\/p>\n<p><img loading=\"lazy\" decoding=\"async\" class=\"aligncenter wp-image-502068 size-full\" src=\"https:\/\/www.latelierdestephetlolie.com\/wp-content\/uploads\/2017\/07\/tarte-rustique-mirabelle-1-e1499789803461.jpg\" alt=\"\" width=\"1000\" height=\"1500\" srcset=\"https:\/\/www.latelierdestephetlolie.com\/wp-content\/uploads\/2017\/07\/tarte-rustique-mirabelle-1-e1499789803461.jpg 1000w, https:\/\/www.latelierdestephetlolie.com\/wp-content\/uploads\/2017\/07\/tarte-rustique-mirabelle-1-e1499789803461-200x300.jpg 200w, https:\/\/www.latelierdestephetlolie.com\/wp-content\/uploads\/2017\/07\/tarte-rustique-mirabelle-1-e1499789803461-768x1152.jpg 768w, https:\/\/www.latelierdestephetlolie.com\/wp-content\/uploads\/2017\/07\/tarte-rustique-mirabelle-1-e1499789803461-683x1024.jpg 683w, https:\/\/www.latelierdestephetlolie.com\/wp-content\/uploads\/2017\/07\/tarte-rustique-mirabelle-1-e1499789803461-940x1410.jpg 940w\" sizes=\"auto, (max-width: 1000px) 100vw, 1000px\" \/><\/p>\n","protected":false},"excerpt":{"rendered":"<p>Ingr\u00e9dients pour 4 \u00e0 6 personnes 250 g de farine 125 g de beurre 1 jaune d\u2019\u0153uf 50 g d&rsquo;eau 5 g de sel 25 g de sucre semoule 120 g de compote velout\u00e9e \u00ab\u00a0pomme, poire\u00a0\u00bb\u00a0Saint Mamet 300 g de mirabelles environ 1 c\u00e0s de graines de s\u00e9same 1 c\u00e0s de graines de pavot Pr\u00e9paration: [&hellip;]<\/p>\n","protected":false},"author":3,"featured_media":502064,"comment_status":"open","ping_status":"open","sticky":false,"template":"","format":"standard","meta":{"_seopress_titles_title":"","_seopress_titles_desc":"","_seopress_robots_index":"","_seopress_robots_follow":"","_seopress_robots_imageindex":"","_seopress_robots_snippet":"","_seopress_robots_primary_cat":"","_seopress_robots_breadcrumbs":"","_seopress_robots_freeze_modified_date":"","_seopress_robots_custom_modified_date":"","_seopress_robots_canonical":"","_seopress_social_fb_title":"","_seopress_social_fb_desc":"","_seopress_social_fb_img":"","_seopress_social_fb_img_attachment_id":0,"_seopress_social_fb_img_width":0,"_seopress_social_fb_img_height":0,"_seopress_social_twitter_title":"","_seopress_social_twitter_desc":"","_seopress_social_twitter_img":"","_seopress_social_twitter_img_attachment_id":0,"_seopress_social_twitter_img_width":0,"_seopress_social_twitter_img_height":0,"_seopress_redirections_value":"","_seopress_redirections_enabled":"","_seopress_redirections_enabled_regex":"","_seopress_redirections_logged_status":"","_seopress_redirections_param":"","_seopress_redirections_type":0,"_seopress_analysis_target_kw":"","_exactmetrics_skip_tracking":false,"_exactmetrics_sitenote_active":false,"_exactmetrics_sitenote_note":"","_exactmetrics_sitenote_category":0,"footnotes":""},"categories":[139],"tags":[382,390,441,442,499,613,693,792,1205,1006,1206],"class_list":["post-502003","post","type-post","status-publish","format-standard","has-post-thumbnail","hentry","category-tartes-sucrees","tag-compote","tag-cook-me-a-picture","tag-degustabox","tag-dessert","tag-food","tag-latelier-de-steph-et-lolie","tag-mirabelles","tag-pate-brisee","tag-st-mamet","tag-tarte","tag-tarte-rustique"],"_links":{"self":[{"href":"https:\/\/www.latelierdestephetlolie.com\/index.php?rest_route=\/wp\/v2\/posts\/502003","targetHints":{"allow":["GET"]}}],"collection":[{"href":"https:\/\/www.latelierdestephetlolie.com\/index.php?rest_route=\/wp\/v2\/posts"}],"about":[{"href":"https:\/\/www.latelierdestephetlolie.com\/index.php?rest_route=\/wp\/v2\/types\/post"}],"author":[{"embeddable":true,"href":"https:\/\/www.latelierdestephetlolie.com\/index.php?rest_route=\/wp\/v2\/users\/3"}],"replies":[{"embeddable":true,"href":"https:\/\/www.latelierdestephetlolie.com\/index.php?rest_route=%2Fwp%2Fv2%2Fcomments&post=502003"}],"version-history":[{"count":4,"href":"https:\/\/www.latelierdestephetlolie.com\/index.php?rest_route=\/wp\/v2\/posts\/502003\/revisions"}],"predecessor-version":[{"id":507076,"href":"https:\/\/www.latelierdestephetlolie.com\/index.php?rest_route=\/wp\/v2\/posts\/502003\/revisions\/507076"}],"wp:featuredmedia":[{"embeddable":true,"href":"https:\/\/www.latelierdestephetlolie.com\/index.php?rest_route=\/wp\/v2\/media\/502064"}],"wp:attachment":[{"href":"https:\/\/www.latelierdestephetlolie.com\/index.php?rest_route=%2Fwp%2Fv2%2Fmedia&parent=502003"}],"wp:term":[{"taxonomy":"category","embeddable":true,"href":"https:\/\/www.latelierdestephetlolie.com\/index.php?rest_route=%2Fwp%2Fv2%2Fcategories&post=502003"},{"taxonomy":"post_tag","embeddable":true,"href":"https:\/\/www.latelierdestephetlolie.com\/index.php?rest_route=%2Fwp%2Fv2%2Ftags&post=502003"}],"curies":[{"name":"wp","href":"https:\/\/api.w.org\/{rel}","templated":true}]}}