{"id":440877,"date":"2017-06-19T17:01:20","date_gmt":"2017-06-19T15:01:20","guid":{"rendered":"https:\/\/www.latelierdestephetlolie.com\/?p=440877"},"modified":"2017-06-19T17:01:20","modified_gmt":"2017-06-19T15:01:20","slug":"quiche-facon-tortilla-aux-legumes","status":"publish","type":"post","link":"https:\/\/www.latelierdestephetlolie.com\/?p=440877","title":{"rendered":"Quiche fa\u00e7on \u00ab\u00a0Tortilla\u00a0\u00bb aux l\u00e9gumes"},"content":{"rendered":"<p><span style=\"text-decoration: underline\">Ingr\u00e9dients pour 6 personnes:<\/span><\/p>\n<ul>\n<li>2 \u0153ufs<\/li>\n<li>2 jaunes<\/li>\n<li>20 cl de lait<\/li>\n<li>30 cl de cr\u00e8me fra\u00eeche \u00e9paisse<\/li>\n<li>3 c\u00e0s d&rsquo;huile d&rsquo;olive<\/li>\n<li>1 gousse d&rsquo;ail hach\u00e9e<\/li>\n<li>1 aubergine<\/li>\n<li>1 courgette<\/li>\n<li>1 poivron rouge<\/li>\n<li>1 c\u00e0s de curcuma en poudre<\/li>\n<li>1 c\u00e0s de curry en poudre<\/li>\n<li>Sel, poivre noir du moulin<\/li>\n<li>Quelques feuilles de basilic<\/li>\n<\/ul>\n<p><span style=\"text-decoration: underline\">Pr\u00e9paration:<\/span><\/p>\n<p>Pr\u00e9chauffez le four \u00e0 190\u00b0C<\/p>\n<p>Lavez les l\u00e9gumes, taillez l&rsquo;aubergine et le poivron en d\u00e9s, coupez la courgette en rondelles<\/p>\n<p>Dans une po\u00eale mettez \u00a02 c\u00e0s d&rsquo;huile d&rsquo;olive \u00e0 chauffer et faites revenir les l\u00e9gumes pendant 10 mn \u00e0 feu moyen<\/p>\n<p>Dans un saladier fouettez les \u0153ufs avec le lait, la cr\u00e8me, 1 c\u00e0s d&rsquo;huile d&rsquo;olive, la gousse d&rsquo;ail hach\u00e9e, les \u00e9pices, salez, poivrez<\/p>\n<p>Versez l&rsquo;appareil dans un moule \u00e0 tarte beurr\u00e9, ajoutez les l\u00e9gumes<\/p>\n<p>Enfournez pendant 40 mn<\/p>\n<p>Au moment de servir disposez sur la quiche quelques feuilles de basilic \ud83d\ude42<\/p>\n<p><img loading=\"lazy\" decoding=\"async\" class=\"aligncenter wp-image-440881 size-full\" src=\"https:\/\/www.latelierdestephetlolie.com\/wp-content\/uploads\/2017\/06\/Quiche-sans-p\u00e2te-l\u00e9gumes3-e1497879429259.jpg\" alt=\"\" width=\"3456\" height=\"5184\" srcset=\"https:\/\/www.latelierdestephetlolie.com\/wp-content\/uploads\/2017\/06\/Quiche-sans-p\u00e2te-l\u00e9gumes3-e1497879429259.jpg 3456w, https:\/\/www.latelierdestephetlolie.com\/wp-content\/uploads\/2017\/06\/Quiche-sans-p\u00e2te-l\u00e9gumes3-e1497879429259-200x300.jpg 200w, https:\/\/www.latelierdestephetlolie.com\/wp-content\/uploads\/2017\/06\/Quiche-sans-p\u00e2te-l\u00e9gumes3-e1497879429259-768x1152.jpg 768w, https:\/\/www.latelierdestephetlolie.com\/wp-content\/uploads\/2017\/06\/Quiche-sans-p\u00e2te-l\u00e9gumes3-e1497879429259-683x1024.jpg 683w, https:\/\/www.latelierdestephetlolie.com\/wp-content\/uploads\/2017\/06\/Quiche-sans-p\u00e2te-l\u00e9gumes3-e1497879429259-940x1410.jpg 940w\" sizes=\"auto, (max-width: 3456px) 100vw, 3456px\" \/><\/p>\n<p>&nbsp;<\/p>\n<p><img loading=\"lazy\" decoding=\"async\" class=\"aligncenter wp-image-440878 size-full\" src=\"https:\/\/www.latelierdestephetlolie.com\/wp-content\/uploads\/2017\/06\/Quiche-sans-p\u00e2te-l\u00e9gumes2.jpg\" alt=\"\" width=\"5184\" height=\"3456\" srcset=\"https:\/\/www.latelierdestephetlolie.com\/wp-content\/uploads\/2017\/06\/Quiche-sans-p\u00e2te-l\u00e9gumes2.jpg 5184w, https:\/\/www.latelierdestephetlolie.com\/wp-content\/uploads\/2017\/06\/Quiche-sans-p\u00e2te-l\u00e9gumes2-300x200.jpg 300w, https:\/\/www.latelierdestephetlolie.com\/wp-content\/uploads\/2017\/06\/Quiche-sans-p\u00e2te-l\u00e9gumes2-768x512.jpg 768w, https:\/\/www.latelierdestephetlolie.com\/wp-content\/uploads\/2017\/06\/Quiche-sans-p\u00e2te-l\u00e9gumes2-1024x683.jpg 1024w, https:\/\/www.latelierdestephetlolie.com\/wp-content\/uploads\/2017\/06\/Quiche-sans-p\u00e2te-l\u00e9gumes2-940x627.jpg 940w, https:\/\/www.latelierdestephetlolie.com\/wp-content\/uploads\/2017\/06\/Quiche-sans-p\u00e2te-l\u00e9gumes2-440x294.jpg 440w\" sizes=\"auto, (max-width: 5184px) 100vw, 5184px\" \/><\/p>\n","protected":false},"excerpt":{"rendered":"<p>Ingr\u00e9dients pour 6 personnes: 2 \u0153ufs 2 jaunes 20 cl de lait 30 cl de cr\u00e8me fra\u00eeche \u00e9paisse 3 c\u00e0s d&rsquo;huile d&rsquo;olive 1 gousse d&rsquo;ail hach\u00e9e 1 aubergine 1 courgette 1 poivron rouge 1 c\u00e0s de curcuma en poudre 1 c\u00e0s de curry en poudre Sel, poivre noir du moulin Quelques feuilles de basilic Pr\u00e9paration: Pr\u00e9chauffez le four \u00e0 190\u00b0C Lavez les l\u00e9gumes, taillez l&rsquo;aubergine et le poivron en d\u00e9s, coupez la courgette en rondelles&hellip;<\/p>\n","protected":false},"author":3,"featured_media":440880,"comment_status":"open","ping_status":"open","sticky":false,"template":"","format":"standard","meta":{"_seopress_robots_primary_cat":"","_seopress_titles_title":"","_seopress_titles_desc":"","_seopress_robots_index":"","_exactmetrics_skip_tracking":false,"_exactmetrics_sitenote_active":false,"_exactmetrics_sitenote_note":"","_exactmetrics_sitenote_category":0,"footnotes":""},"categories":[1169],"tags":[390,463,203,499,613,630,851,901,1039],"class_list":["post-440877","post","type-post","status-publish","format-standard","has-post-thumbnail","hentry","category-pizzas-tartes-quiches","tag-cook-me-a-picture","tag-entree","tag-epices","tag-food","tag-latelier-de-steph-et-lolie","tag-legumes-3","tag-plat","tag-quiches","tag-tortilla"],"_links":{"self":[{"href":"https:\/\/www.latelierdestephetlolie.com\/index.php?rest_route=\/wp\/v2\/posts\/440877","targetHints":{"allow":["GET"]}}],"collection":[{"href":"https:\/\/www.latelierdestephetlolie.com\/index.php?rest_route=\/wp\/v2\/posts"}],"about":[{"href":"https:\/\/www.latelierdestephetlolie.com\/index.php?rest_route=\/wp\/v2\/types\/post"}],"author":[{"embeddable":true,"href":"https:\/\/www.latelierdestephetlolie.com\/index.php?rest_route=\/wp\/v2\/users\/3"}],"replies":[{"embeddable":true,"href":"https:\/\/www.latelierdestephetlolie.com\/index.php?rest_route=%2Fwp%2Fv2%2Fcomments&post=440877"}],"version-history":[{"count":5,"href":"https:\/\/www.latelierdestephetlolie.com\/index.php?rest_route=\/wp\/v2\/posts\/440877\/revisions"}],"predecessor-version":[{"id":441362,"href":"https:\/\/www.latelierdestephetlolie.com\/index.php?rest_route=\/wp\/v2\/posts\/440877\/revisions\/441362"}],"wp:featuredmedia":[{"embeddable":true,"href":"https:\/\/www.latelierdestephetlolie.com\/index.php?rest_route=\/wp\/v2\/media\/440880"}],"wp:attachment":[{"href":"https:\/\/www.latelierdestephetlolie.com\/index.php?rest_route=%2Fwp%2Fv2%2Fmedia&parent=440877"}],"wp:term":[{"taxonomy":"category","embeddable":true,"href":"https:\/\/www.latelierdestephetlolie.com\/index.php?rest_route=%2Fwp%2Fv2%2Fcategories&post=440877"},{"taxonomy":"post_tag","embeddable":true,"href":"https:\/\/www.latelierdestephetlolie.com\/index.php?rest_route=%2Fwp%2Fv2%2Ftags&post=440877"}],"curies":[{"name":"wp","href":"https:\/\/api.w.org\/{rel}","templated":true}]}}