{"id":4408,"date":"2015-07-08T08:21:49","date_gmt":"2015-07-08T07:21:49","guid":{"rendered":"https:\/\/www.latelierdestephetlolie.com\/?p=4408"},"modified":"2016-12-12T15:43:49","modified_gmt":"2016-12-12T14:43:49","slug":"feta-saumon-et-sesame-wasabi-en-verrines","status":"publish","type":"post","link":"https:\/\/www.latelierdestephetlolie.com\/?p=4408","title":{"rendered":"Feta, saumon et s\u00e9same-wasabi en verrines"},"content":{"rendered":"<p><a href=\"https:\/\/www.latelierdestephetlolie.com\/wp-content\/uploads\/2015\/07\/verrine-feta-saumon2.jpg\"><img loading=\"lazy\" decoding=\"async\" class=\"aligncenter wp-image-4409 size-large\" src=\"https:\/\/www.latelierdestephetlolie.com\/wp-content\/uploads\/2015\/07\/verrine-feta-saumon2.jpg?w=440\" alt=\"verrine feta saumon2\" width=\"440\" height=\"660\" srcset=\"https:\/\/www.latelierdestephetlolie.com\/wp-content\/uploads\/2015\/07\/verrine-feta-saumon2.jpg 1000w, https:\/\/www.latelierdestephetlolie.com\/wp-content\/uploads\/2015\/07\/verrine-feta-saumon2-200x300.jpg 200w, https:\/\/www.latelierdestephetlolie.com\/wp-content\/uploads\/2015\/07\/verrine-feta-saumon2-768x1152.jpg 768w, https:\/\/www.latelierdestephetlolie.com\/wp-content\/uploads\/2015\/07\/verrine-feta-saumon2-683x1024.jpg 683w, https:\/\/www.latelierdestephetlolie.com\/wp-content\/uploads\/2015\/07\/verrine-feta-saumon2-940x1410.jpg 940w\" sizes=\"auto, (max-width: 440px) 100vw, 440px\" \/><\/a><\/p>\n<p>&nbsp;<\/p>\n<p><span style=\"color:#808080\">Voici une recette que j&rsquo;ai r\u00e9alis\u00e9e avec la cr\u00e8me \u00ab\u00a0<strong>Glassa <a href=\"http:\/\/www.ponti.com\/catalogo-prodotti\/glassa_gastronomica_ponti\/\">ponti\u00a0\u00bb<\/a><\/strong>\u00a0j&rsquo;ai r\u00e9cemment re\u00e7u cette cr\u00e8me dans la\u00a0<strong><a href=\"https:\/\/www.degustabox.com\/fr\/\">degustabox<\/a>\u00a0<\/strong>de juin,\u00a0c&rsquo;est une cr\u00e8me \u00e0 base de vinaigre balsamique et de mo\u00fbts de raisin. Sirupeuse, elle s&rsquo;utilise simplement en filet sur des viandes grill\u00e9es, des l\u00e9gumes vapeur ou des salades de fruits. Id\u00e9ale aussi pour cr\u00e9er des d\u00e9cors d&rsquo;assiette, elle apporte une touche de gastronomie dans la cuisine de tous les jours<\/span><br \/>\n<span style=\"color:#808080\">De mon c\u00f4t\u00e9 je l&rsquo;ai ajout\u00e9e \u00e0 ma recette de verrines que vous pourrez servir soit en entr\u00e9e accompagn\u00e9e d&rsquo;un mesclun, soit \u00e0 l&rsquo;ap\u00e9ritif \ud83d\ude42<\/span><\/p>\n<p><span style=\"text-decoration:underline;color:#800000\">Pour 6 verres<\/span><br \/>\n<span style=\"text-decoration:underline;color:#800000\">Ingr\u00e9dients:<\/span><\/p>\n<p><span style=\"color:#ffffff\">\u00a3<\/span><br \/>\n<em><span style=\"color:#808080\">4 tranches de saumon fum\u00e9<\/span><\/em><br \/>\n<em><span style=\"color:#808080\">150g de feta \u00ab\u00a0Salakis\u00a0\u00bb<\/span><\/em><br \/>\n<em><span style=\"color:#808080\">1\/2 oignon rouge<\/span><\/em><br \/>\n<em><span style=\"color:#808080\">6 c\u00e0s de vinaigre de mangue<\/span><\/em><br \/>\n<em><span style=\"color:#808080\">Huile d&rsquo;olive<\/span><\/em><br \/>\n<em><span style=\"color:#808080\">Cr\u00e8me \u00ab\u00a0Glassa Ponti\u00a0\u00bb<\/span><\/em><br \/>\n<em><span style=\"color:#808080\">2 c\u00e0c de graines de s\u00e9same au wasabi<\/span><\/em><br \/>\n<em><span style=\"color:#808080\">Quelques feuilles de basilic frais<\/span><\/em><\/p>\n<p><span style=\"color:#ffffff\">\u00a3<\/span><br \/>\n<span style=\"text-decoration:underline\"><span style=\"color:#800000;text-decoration:underline\">Pr\u00e9paration:<\/span><\/span><\/p>\n<p><span style=\"color:#ffffff\">\u00a3<\/span><br \/>\n<span style=\"color:#808080\">Versez dans chaque verre 1 c\u00e0s de vinaigre de mangue<\/span><br \/>\n<span style=\"color:#808080\">Ajoutez quelques cubes de feta, quelques lani\u00e8res de saumon fum\u00e9<\/span><br \/>\n<span style=\"color:#808080\">Puis un peu d&rsquo;oignon rouge \u00e9minc\u00e9 <\/span><br \/>\n<span style=\"color:#808080\">Ajoutez un filet d&rsquo;huile d&rsquo;olive, 1 filet de cr\u00e8me \u00ab\u00a0Glassa Ponti\u00a0\u00bb<\/span><br \/>\n<span style=\"color:#808080\">Terminez en saupoudrant le s\u00e9same et en d\u00e9posant quelques feuilles de basilic frais <\/span><br \/>\n<span style=\"color:#808080\">C&rsquo;est pr\u00eat !<\/span><\/p>\n<p>&nbsp;<\/p>\n<p><a href=\"https:\/\/www.latelierdestephetlolie.com\/wp-content\/uploads\/2015\/07\/verrine-feta-saumon1.jpg\"><img loading=\"lazy\" decoding=\"async\" class=\"aligncenter wp-image-4410 size-large\" src=\"https:\/\/www.latelierdestephetlolie.com\/wp-content\/uploads\/2015\/07\/verrine-feta-saumon1.jpg?w=440\" alt=\"verrine feta saumon1\" width=\"440\" height=\"660\" srcset=\"https:\/\/www.latelierdestephetlolie.com\/wp-content\/uploads\/2015\/07\/verrine-feta-saumon1.jpg 1000w, https:\/\/www.latelierdestephetlolie.com\/wp-content\/uploads\/2015\/07\/verrine-feta-saumon1-200x300.jpg 200w, https:\/\/www.latelierdestephetlolie.com\/wp-content\/uploads\/2015\/07\/verrine-feta-saumon1-768x1152.jpg 768w, https:\/\/www.latelierdestephetlolie.com\/wp-content\/uploads\/2015\/07\/verrine-feta-saumon1-683x1024.jpg 683w, https:\/\/www.latelierdestephetlolie.com\/wp-content\/uploads\/2015\/07\/verrine-feta-saumon1-940x1410.jpg 940w\" sizes=\"auto, (max-width: 440px) 100vw, 440px\" \/><\/a><\/p>\n<p><a href=\"https:\/\/www.latelierdestephetlolie.com\/wp-content\/uploads\/2015\/07\/verrine-feta-saumon4.jpg\"><img loading=\"lazy\" decoding=\"async\" class=\"aligncenter wp-image-4412 size-large\" src=\"https:\/\/www.latelierdestephetlolie.com\/wp-content\/uploads\/2015\/07\/verrine-feta-saumon4.jpg?w=440\" alt=\"verrine feta saumon4\" width=\"440\" height=\"660\" srcset=\"https:\/\/www.latelierdestephetlolie.com\/wp-content\/uploads\/2015\/07\/verrine-feta-saumon4.jpg 1000w, https:\/\/www.latelierdestephetlolie.com\/wp-content\/uploads\/2015\/07\/verrine-feta-saumon4-200x300.jpg 200w, https:\/\/www.latelierdestephetlolie.com\/wp-content\/uploads\/2015\/07\/verrine-feta-saumon4-768x1152.jpg 768w, https:\/\/www.latelierdestephetlolie.com\/wp-content\/uploads\/2015\/07\/verrine-feta-saumon4-683x1024.jpg 683w, https:\/\/www.latelierdestephetlolie.com\/wp-content\/uploads\/2015\/07\/verrine-feta-saumon4-940x1410.jpg 940w\" sizes=\"auto, (max-width: 440px) 100vw, 440px\" \/><\/a><\/p>\n<p>&nbsp;<\/p>\n","protected":false},"excerpt":{"rendered":"<p>&nbsp; Voici une recette que j&rsquo;ai r\u00e9alis\u00e9e avec la cr\u00e8me \u00ab\u00a0Glassa ponti\u00a0\u00bb\u00a0j&rsquo;ai r\u00e9cemment re\u00e7u cette cr\u00e8me dans la\u00a0degustabox\u00a0de juin,\u00a0c&rsquo;est une cr\u00e8me \u00e0 base de vinaigre balsamique et de mo\u00fbts de raisin. Sirupeuse, elle s&rsquo;utilise simplement en filet sur des viandes grill\u00e9es, des l\u00e9gumes vapeur ou des salades de fruits. Id\u00e9ale aussi pour cr\u00e9er des d\u00e9cors d&rsquo;assiette, elle apporte une touche de gastronomie dans la cuisine de tous les jours De mon c\u00f4t\u00e9 je l&rsquo;ai ajout\u00e9e&hellip;<\/p>\n","protected":false},"author":3,"featured_media":4414,"comment_status":"open","ping_status":"open","sticky":false,"template":"","format":"standard","meta":{"_seopress_robots_primary_cat":"","_seopress_titles_title":"","_seopress_titles_desc":"","_seopress_robots_index":"","_exactmetrics_skip_tracking":false,"_exactmetrics_sitenote_active":false,"_exactmetrics_sitenote_note":"","_exactmetrics_sitenote_category":0,"footnotes":""},"categories":[83,149],"tags":[221,409,441,205,481,555,745,778,882,948,963,1053,1062,1067,1078],"class_list":["post-4408","post","type-post","status-publish","format-standard","has-post-thumbnail","hentry","category-mes-recettes-avec-les-produits-de-mes-partenaires","category-verrines-salees","tag-basilic","tag-cremebalsamique","tag-degustabox","tag-ete","tag-feta","tag-grainesdesesame","tag-oignonrouge","tag-partenariat","tag-ponti","tag-salakis","tag-saumonfume","tag-verrines","tag-vinaigrebalsamique","tag-vinaigremangue","tag-wasabi"],"_links":{"self":[{"href":"https:\/\/www.latelierdestephetlolie.com\/index.php?rest_route=\/wp\/v2\/posts\/4408","targetHints":{"allow":["GET"]}}],"collection":[{"href":"https:\/\/www.latelierdestephetlolie.com\/index.php?rest_route=\/wp\/v2\/posts"}],"about":[{"href":"https:\/\/www.latelierdestephetlolie.com\/index.php?rest_route=\/wp\/v2\/types\/post"}],"author":[{"embeddable":true,"href":"https:\/\/www.latelierdestephetlolie.com\/index.php?rest_route=\/wp\/v2\/users\/3"}],"replies":[{"embeddable":true,"href":"https:\/\/www.latelierdestephetlolie.com\/index.php?rest_route=%2Fwp%2Fv2%2Fcomments&post=4408"}],"version-history":[{"count":1,"href":"https:\/\/www.latelierdestephetlolie.com\/index.php?rest_route=\/wp\/v2\/posts\/4408\/revisions"}],"predecessor-version":[{"id":7901,"href":"https:\/\/www.latelierdestephetlolie.com\/index.php?rest_route=\/wp\/v2\/posts\/4408\/revisions\/7901"}],"wp:featuredmedia":[{"embeddable":true,"href":"https:\/\/www.latelierdestephetlolie.com\/index.php?rest_route=\/wp\/v2\/media\/4414"}],"wp:attachment":[{"href":"https:\/\/www.latelierdestephetlolie.com\/index.php?rest_route=%2Fwp%2Fv2%2Fmedia&parent=4408"}],"wp:term":[{"taxonomy":"category","embeddable":true,"href":"https:\/\/www.latelierdestephetlolie.com\/index.php?rest_route=%2Fwp%2Fv2%2Fcategories&post=4408"},{"taxonomy":"post_tag","embeddable":true,"href":"https:\/\/www.latelierdestephetlolie.com\/index.php?rest_route=%2Fwp%2Fv2%2Ftags&post=4408"}],"curies":[{"name":"wp","href":"https:\/\/api.w.org\/{rel}","templated":true}]}}