{"id":4298,"date":"2015-06-19T19:22:21","date_gmt":"2015-06-19T18:22:21","guid":{"rendered":"https:\/\/www.latelierdestephetlolie.com\/?p=4298"},"modified":"2017-03-28T15:20:17","modified_gmt":"2017-03-28T13:20:17","slug":"le-dessert-de-mon-papa","status":"publish","type":"post","link":"https:\/\/www.latelierdestephetlolie.com\/?p=4298","title":{"rendered":"Le dessert de mon \u00ab\u00a0Papa\u00a0\u00bb"},"content":{"rendered":"<p><span style=\"color:#808080\">Pour dimanche Lolie voulait que je lui r\u00e9alise un dessert pour la f\u00eate de son papa, apr\u00e8s notre \u00ab\u00a0petite r\u00e9union pour l&rsquo;\u00e9laboration du dessert, nous avons d\u00e9cid\u00e9 de partir sur un dessert l\u00e9ger et frais, avec de bon fruits, nous avons cueilli des groseilles du jardin puis sommes all\u00e9es chez notre primeur acheter des abricots et des nectarines<\/span><\/p>\n<p><span style=\"color:#808080\">Mon mari n&rsquo;est pas un gourmand de sucr\u00e9! Lolie voulait vraiment lui faire plaisir en lui r\u00e9alisant un dessert pour lequel il succomberait \ud83d\ude42 Nous avons aussi choisi des yaourts nature au lait de brebis, ses pr\u00e9f\u00e9r\u00e9s, additionn\u00e9s de miel!<\/span><br \/>\n<span style=\"color:#808080\"> Lolie m&rsquo;a aid\u00e9 sur le design et nous avons d\u00e9cid\u00e9s de pr\u00e9senter ce dessert dans des coupes \u00e0 Champagne (les coupes du mariage des mes parents:))<\/span><br \/>\n<span style=\"color:#808080\"> Quoi de plus tendre pour un papa que de d\u00e9guster un dessert invent\u00e9 et \u00e9labor\u00e9 par sa puce \ud83d\ude42 avec une touche de couleur verte qui est sa couleur pr\u00e9f\u00e9r\u00e9e\u00a0<span style=\"color:#008000\">\u2665<\/span><\/span><br \/>\n<span style=\"color:#808080\"> Nous avons donc r\u00e9alis\u00e9 ces d\u00e9lices fruit\u00e9s aujourd&rsquo;hui, en guise de r\u00e9p\u00e9tition avant celles de dimanche:)<\/span><\/p>\n<p><span style=\"color:#808080\">Bonne f\u00eate \u00e0 tous les papas !<\/span><\/p>\n<h1 style=\"text-align:center\"><span style=\"color:#008000\"><span style=\"color:#ff0000\">\u2665<\/span>\u2665<\/span><span style=\"color:#ff6600\">\u2665<span style=\"color:#99cc00\">\u2665<\/span><\/span><\/h1>\n<p>&nbsp;<\/p>\n<p><a href=\"https:\/\/www.latelierdestephetlolie.com\/wp-content\/uploads\/2015\/06\/coupe-fruits-yaourt-brebis-fete-papa0.jpg\"><img loading=\"lazy\" decoding=\"async\" class=\"aligncenter wp-image-4300 size-large\" src=\"https:\/\/www.latelierdestephetlolie.com\/wp-content\/uploads\/2015\/06\/coupe-fruits-yaourt-brebis-fete-papa0.jpg?w=440\" alt=\"coupe fruits yaourt brebis f\u00eate papa0\" width=\"440\" height=\"660\" srcset=\"https:\/\/www.latelierdestephetlolie.com\/wp-content\/uploads\/2015\/06\/coupe-fruits-yaourt-brebis-fete-papa0.jpg 1000w, https:\/\/www.latelierdestephetlolie.com\/wp-content\/uploads\/2015\/06\/coupe-fruits-yaourt-brebis-fete-papa0-200x300.jpg 200w, https:\/\/www.latelierdestephetlolie.com\/wp-content\/uploads\/2015\/06\/coupe-fruits-yaourt-brebis-fete-papa0-768x1152.jpg 768w, https:\/\/www.latelierdestephetlolie.com\/wp-content\/uploads\/2015\/06\/coupe-fruits-yaourt-brebis-fete-papa0-683x1024.jpg 683w, https:\/\/www.latelierdestephetlolie.com\/wp-content\/uploads\/2015\/06\/coupe-fruits-yaourt-brebis-fete-papa0-940x1410.jpg 940w\" sizes=\"auto, (max-width: 440px) 100vw, 440px\" \/><\/a><\/p>\n<p>&nbsp;<\/p>\n<p><span style=\"text-decoration:underline;color:#ff6600\">Pour 2 coupes<\/span><\/p>\n<p><span style=\"color:#808080\"><em>2 abricots<\/em><\/span><br \/>\n<span style=\"color:#808080\"> <em>1 nectarine<\/em><\/span><br \/>\n<span style=\"color:#808080\"> <em>4 grappes de groseilles<\/em><\/span><br \/>\n<span style=\"color:#808080\"> <em>2 c\u00e0s de miel<\/em><\/span><br \/>\n<span style=\"color:#808080\"> <em>2 yaourts nature au lait de brebis<\/em><\/span><br \/>\n<span style=\"color:#808080\"> <em>2 c\u00e0s de pistaches \u00e9mond\u00e9es hach\u00e9es <\/em><\/span><\/p>\n<p><span style=\"color:#ffffff\">\u03c5<\/span><br \/>\n<span style=\"text-decoration:underline\"><span style=\"color:#ff6600;text-decoration:underline\">Pr\u00e9paration:<\/span><\/span><\/p>\n<p><span style=\"color:#ffffff\">\u00a3<\/span><br \/>\n<span style=\"color:#808080\">Videz le yaourt de son jus et d\u00e9moulez-le dans la coupe<\/span><br \/>\n<span style=\"color:#808080\"> Coupez en quartiers les abricots et la nectarine et disposez-les autour du yaourt<\/span><br \/>\n<span style=\"color:#808080\"> Versez la cuill\u00e8re de miel sur le yaourt<\/span><br \/>\n<span style=\"color:#808080\"> Saupoudrez le yaourt de pistache \u00e9mond\u00e9es hach\u00e9es jusqu&rsquo;\u00e0 le \u00ab\u00a0tapisser\u00a0\u00bb l\u00e9g\u00e8rement<\/span><br \/>\n<span style=\"color:#808080\"> Terminez en disposant sur le yaourt quelques petites billes de groseilles ainsi qu&rsquo;une grappe enti\u00e8re \ud83d\ude42<\/span><\/p>\n<p><span style=\"color:#808080\">c&rsquo;est pr\u00eat !<\/span><\/p>\n<p><a href=\"https:\/\/www.latelierdestephetlolie.com\/wp-content\/uploads\/2015\/06\/coupe-fruits-yaourt-brebis-fete-papa-1.jpg\"><img loading=\"lazy\" decoding=\"async\" class=\"aligncenter wp-image-4301 size-large\" src=\"https:\/\/www.latelierdestephetlolie.com\/wp-content\/uploads\/2015\/06\/coupe-fruits-yaourt-brebis-fete-papa-1.jpg?w=440\" alt=\"coupe fruits yaourt brebis f\u00eate papa 1\" width=\"440\" height=\"660\" srcset=\"https:\/\/www.latelierdestephetlolie.com\/wp-content\/uploads\/2015\/06\/coupe-fruits-yaourt-brebis-fete-papa-1.jpg 1000w, https:\/\/www.latelierdestephetlolie.com\/wp-content\/uploads\/2015\/06\/coupe-fruits-yaourt-brebis-fete-papa-1-200x300.jpg 200w, https:\/\/www.latelierdestephetlolie.com\/wp-content\/uploads\/2015\/06\/coupe-fruits-yaourt-brebis-fete-papa-1-768x1152.jpg 768w, https:\/\/www.latelierdestephetlolie.com\/wp-content\/uploads\/2015\/06\/coupe-fruits-yaourt-brebis-fete-papa-1-683x1024.jpg 683w, https:\/\/www.latelierdestephetlolie.com\/wp-content\/uploads\/2015\/06\/coupe-fruits-yaourt-brebis-fete-papa-1-940x1410.jpg 940w\" sizes=\"auto, (max-width: 440px) 100vw, 440px\" \/><\/a><\/p>\n<p><a href=\"https:\/\/www.latelierdestephetlolie.com\/wp-content\/uploads\/2015\/06\/coupe-fruits-yaourt-brebis-fete-papa-2.jpg\"><img loading=\"lazy\" decoding=\"async\" class=\"aligncenter wp-image-4302 size-large\" src=\"https:\/\/www.latelierdestephetlolie.com\/wp-content\/uploads\/2015\/06\/coupe-fruits-yaourt-brebis-fete-papa-2.jpg?w=440\" alt=\"coupe fruits yaourt brebis f\u00eate papa 2\" width=\"440\" height=\"660\" srcset=\"https:\/\/www.latelierdestephetlolie.com\/wp-content\/uploads\/2015\/06\/coupe-fruits-yaourt-brebis-fete-papa-2.jpg 1000w, https:\/\/www.latelierdestephetlolie.com\/wp-content\/uploads\/2015\/06\/coupe-fruits-yaourt-brebis-fete-papa-2-200x300.jpg 200w, https:\/\/www.latelierdestephetlolie.com\/wp-content\/uploads\/2015\/06\/coupe-fruits-yaourt-brebis-fete-papa-2-768x1152.jpg 768w, https:\/\/www.latelierdestephetlolie.com\/wp-content\/uploads\/2015\/06\/coupe-fruits-yaourt-brebis-fete-papa-2-683x1024.jpg 683w, https:\/\/www.latelierdestephetlolie.com\/wp-content\/uploads\/2015\/06\/coupe-fruits-yaourt-brebis-fete-papa-2-940x1410.jpg 940w\" sizes=\"auto, (max-width: 440px) 100vw, 440px\" \/><\/a><\/p>\n<p><a href=\"https:\/\/www.latelierdestephetlolie.com\/wp-content\/uploads\/2015\/06\/coupe-fruits-yaourt-brebis-fete-papa-5.jpg\"><img loading=\"lazy\" decoding=\"async\" class=\"aligncenter wp-image-4304 size-large\" src=\"https:\/\/www.latelierdestephetlolie.com\/wp-content\/uploads\/2015\/06\/coupe-fruits-yaourt-brebis-fete-papa-5.jpg?w=440\" alt=\"coupe fruits yaourt brebis f\u00eate papa 5\" width=\"440\" height=\"660\" srcset=\"https:\/\/www.latelierdestephetlolie.com\/wp-content\/uploads\/2015\/06\/coupe-fruits-yaourt-brebis-fete-papa-5.jpg 1000w, https:\/\/www.latelierdestephetlolie.com\/wp-content\/uploads\/2015\/06\/coupe-fruits-yaourt-brebis-fete-papa-5-200x300.jpg 200w, https:\/\/www.latelierdestephetlolie.com\/wp-content\/uploads\/2015\/06\/coupe-fruits-yaourt-brebis-fete-papa-5-768x1152.jpg 768w, https:\/\/www.latelierdestephetlolie.com\/wp-content\/uploads\/2015\/06\/coupe-fruits-yaourt-brebis-fete-papa-5-683x1024.jpg 683w, https:\/\/www.latelierdestephetlolie.com\/wp-content\/uploads\/2015\/06\/coupe-fruits-yaourt-brebis-fete-papa-5-940x1410.jpg 940w\" sizes=\"auto, (max-width: 440px) 100vw, 440px\" \/><\/a><\/p>\n<p><a href=\"https:\/\/www.latelierdestephetlolie.com\/wp-content\/uploads\/2015\/06\/coupe-fruits-yaourt-brebis-fete-papa-4.jpg\"><img loading=\"lazy\" decoding=\"async\" class=\"aligncenter wp-image-4305 size-large\" src=\"https:\/\/www.latelierdestephetlolie.com\/wp-content\/uploads\/2015\/06\/coupe-fruits-yaourt-brebis-fete-papa-4.jpg?w=440\" alt=\"coupe fruits yaourt brebis f\u00eate papa 4\" width=\"440\" height=\"660\" srcset=\"https:\/\/www.latelierdestephetlolie.com\/wp-content\/uploads\/2015\/06\/coupe-fruits-yaourt-brebis-fete-papa-4.jpg 1000w, https:\/\/www.latelierdestephetlolie.com\/wp-content\/uploads\/2015\/06\/coupe-fruits-yaourt-brebis-fete-papa-4-200x300.jpg 200w, https:\/\/www.latelierdestephetlolie.com\/wp-content\/uploads\/2015\/06\/coupe-fruits-yaourt-brebis-fete-papa-4-768x1152.jpg 768w, https:\/\/www.latelierdestephetlolie.com\/wp-content\/uploads\/2015\/06\/coupe-fruits-yaourt-brebis-fete-papa-4-683x1024.jpg 683w, https:\/\/www.latelierdestephetlolie.com\/wp-content\/uploads\/2015\/06\/coupe-fruits-yaourt-brebis-fete-papa-4-940x1410.jpg 940w\" sizes=\"auto, (max-width: 440px) 100vw, 440px\" \/><\/a><\/p>\n","protected":false},"excerpt":{"rendered":"<p>Pour dimanche Lolie voulait que je lui r\u00e9alise un dessert pour la f\u00eate de son papa, apr\u00e8s notre \u00ab\u00a0petite r\u00e9union pour l&rsquo;\u00e9laboration du dessert, nous avons d\u00e9cid\u00e9 de partir sur un dessert l\u00e9ger et frais, avec de bon fruits, nous avons cueilli des groseilles du jardin puis sommes all\u00e9es chez notre primeur acheter des abricots et des nectarines Mon mari n&rsquo;est pas un gourmand de sucr\u00e9! Lolie voulait vraiment lui faire plaisir en lui r\u00e9alisant&hellip;<\/p>\n","protected":false},"author":3,"featured_media":4317,"comment_status":"open","ping_status":"open","sticky":false,"template":"","format":"standard","meta":{"_seopress_robots_primary_cat":"","_seopress_titles_title":"","_seopress_titles_desc":"","_seopress_robots_index":"","_exactmetrics_skip_tracking":false,"_exactmetrics_sitenote_active":false,"_exactmetrics_sitenote_note":"","_exactmetrics_sitenote_category":0,"footnotes":""},"categories":[34,77],"tags":[161,266,444,471,523,566,613,687,725,845,1085],"class_list":["post-4298","post","type-post","status-publish","format-standard","has-post-thumbnail","hentry","category-coupes-fruits","category-le-petit-atelier-de-lolie","tag-abricots","tag-brebis","tag-dessertleger","tag-fetedesperes","tag-fruits","tag-groseilles","tag-latelier-de-steph-et-lolie","tag-miel","tag-nectarines","tag-pistaches","tag-yaourtbrebis"],"_links":{"self":[{"href":"https:\/\/www.latelierdestephetlolie.com\/index.php?rest_route=\/wp\/v2\/posts\/4298","targetHints":{"allow":["GET"]}}],"collection":[{"href":"https:\/\/www.latelierdestephetlolie.com\/index.php?rest_route=\/wp\/v2\/posts"}],"about":[{"href":"https:\/\/www.latelierdestephetlolie.com\/index.php?rest_route=\/wp\/v2\/types\/post"}],"author":[{"embeddable":true,"href":"https:\/\/www.latelierdestephetlolie.com\/index.php?rest_route=\/wp\/v2\/users\/3"}],"replies":[{"embeddable":true,"href":"https:\/\/www.latelierdestephetlolie.com\/index.php?rest_route=%2Fwp%2Fv2%2Fcomments&post=4298"}],"version-history":[{"count":3,"href":"https:\/\/www.latelierdestephetlolie.com\/index.php?rest_route=\/wp\/v2\/posts\/4298\/revisions"}],"predecessor-version":[{"id":239652,"href":"https:\/\/www.latelierdestephetlolie.com\/index.php?rest_route=\/wp\/v2\/posts\/4298\/revisions\/239652"}],"wp:featuredmedia":[{"embeddable":true,"href":"https:\/\/www.latelierdestephetlolie.com\/index.php?rest_route=\/wp\/v2\/media\/4317"}],"wp:attachment":[{"href":"https:\/\/www.latelierdestephetlolie.com\/index.php?rest_route=%2Fwp%2Fv2%2Fmedia&parent=4298"}],"wp:term":[{"taxonomy":"category","embeddable":true,"href":"https:\/\/www.latelierdestephetlolie.com\/index.php?rest_route=%2Fwp%2Fv2%2Fcategories&post=4298"},{"taxonomy":"post_tag","embeddable":true,"href":"https:\/\/www.latelierdestephetlolie.com\/index.php?rest_route=%2Fwp%2Fv2%2Ftags&post=4298"}],"curies":[{"name":"wp","href":"https:\/\/api.w.org\/{rel}","templated":true}]}}