{"id":3772,"date":"2015-05-23T17:21:55","date_gmt":"2015-05-23T16:21:55","guid":{"rendered":"https:\/\/www.latelierdestephetlolie.com\/?p=3772"},"modified":"2016-12-12T15:43:55","modified_gmt":"2016-12-12T14:43:55","slug":"tarte-mediterraneenne-a-lorigan-de-tinos","status":"publish","type":"post","link":"https:\/\/www.latelierdestephetlolie.com\/?p=3772","title":{"rendered":"Tarte m\u00e9diterran\u00e9enne \u00e0 l&rsquo;origan de Tinos"},"content":{"rendered":"<p><a href=\"https:\/\/www.latelierdestephetlolie.com\/wp-content\/uploads\/2015\/05\/tarte-origan-verre2.jpg\"><img loading=\"lazy\" decoding=\"async\" class=\"aligncenter wp-image-3875 size-large\" src=\"https:\/\/www.latelierdestephetlolie.com\/wp-content\/uploads\/2015\/05\/tarte-origan-verre2.jpg?w=440\" alt=\"tarte origan verre2\" width=\"440\" height=\"660\" srcset=\"https:\/\/www.latelierdestephetlolie.com\/wp-content\/uploads\/2015\/05\/tarte-origan-verre2.jpg 1000w, https:\/\/www.latelierdestephetlolie.com\/wp-content\/uploads\/2015\/05\/tarte-origan-verre2-200x300.jpg 200w, https:\/\/www.latelierdestephetlolie.com\/wp-content\/uploads\/2015\/05\/tarte-origan-verre2-768x1152.jpg 768w, https:\/\/www.latelierdestephetlolie.com\/wp-content\/uploads\/2015\/05\/tarte-origan-verre2-683x1024.jpg 683w, https:\/\/www.latelierdestephetlolie.com\/wp-content\/uploads\/2015\/05\/tarte-origan-verre2-940x1410.jpg 940w\" sizes=\"auto, (max-width: 440px) 100vw, 440px\" \/><\/a><\/p>\n<p>1 p\u00e2te sabl\u00e9e<\/p>\n<p>200 g de ricotta<br \/>\n3 \u0153ufs<br \/>\n2 gousses d&rsquo;ail hach\u00e9es<br \/>\n1 c\u00e0s d&rsquo;huile d&rsquo;olive<br \/>\n1 courgette ronde (cuite \u00e0 la vapeur)<br \/>\nQuelques tomates cerises jaunes et rouges<br \/>\n2 tranches de jambon<br \/>\n2 c\u00e0s d&rsquo;origan (celui-ci vient de Tinos, une de mes amies qui m&rsquo;en a ramen\u00e9 r\u00e9cemment, comme elle y passe toutes ses vacances, j&rsquo;ai la chance de pouvoir lui passer r\u00e9guli\u00e8rement commande \ud83d\ude42<br \/>\nQuelques brins de ciboulette fra\u00eeche cisel\u00e9e Sel, poivre<\/p>\n<p>Pr\u00e9chauffez votre four \u00e0 180\u00b0C<\/p>\n<p>Faites revenir la courgette coup\u00e9e en fines lamelles dans l&rsquo;huile, r\u00e9servez<br \/>\n\u00c9talez la p\u00e2te dans un moule allant au four, piquez-la et r\u00e9servez-la au r\u00e9frig\u00e9rateur<br \/>\nFouettez les \u0153ufs avec la ricotta, ajoutez l&rsquo;ail, salez, poivrez<br \/>\nVersez le m\u00e9lange sur le fond de tarte, disposez le jambon coup\u00e9 en lani\u00e8res, les tomates cerises coup\u00e9es en deux, ainsi que les lamelles de courgette<br \/>\nSaupoudrez d&rsquo;origan et de ciboulette Enfournez pour 35mn<br \/>\nVous pouvez accompagner cette tarte d&rsquo;un verre de\u00a0Prosecco\u00a0(vin blanc p\u00e9tillant Italien),\u00a0parfait pour l&rsquo;\u00e9t\u00e9.<\/p>\n<p><a href=\"https:\/\/www.latelierdestephetlolie.com\/wp-content\/uploads\/2015\/05\/tarte-origan-verre1.jpg\"><img loading=\"lazy\" decoding=\"async\" class=\"aligncenter wp-image-3876 size-large\" src=\"https:\/\/www.latelierdestephetlolie.com\/wp-content\/uploads\/2015\/05\/tarte-origan-verre1.jpg?w=440\" alt=\"tarte origan verre1\" width=\"440\" height=\"660\" srcset=\"https:\/\/www.latelierdestephetlolie.com\/wp-content\/uploads\/2015\/05\/tarte-origan-verre1.jpg 1000w, https:\/\/www.latelierdestephetlolie.com\/wp-content\/uploads\/2015\/05\/tarte-origan-verre1-200x300.jpg 200w, https:\/\/www.latelierdestephetlolie.com\/wp-content\/uploads\/2015\/05\/tarte-origan-verre1-768x1152.jpg 768w, https:\/\/www.latelierdestephetlolie.com\/wp-content\/uploads\/2015\/05\/tarte-origan-verre1-683x1024.jpg 683w, https:\/\/www.latelierdestephetlolie.com\/wp-content\/uploads\/2015\/05\/tarte-origan-verre1-940x1410.jpg 940w\" sizes=\"auto, (max-width: 440px) 100vw, 440px\" \/><\/a><\/p>\n","protected":false},"excerpt":{"rendered":"<p>1 p\u00e2te sabl\u00e9e 200 g de ricotta 3 \u0153ufs 2 gousses d&rsquo;ail hach\u00e9es 1 c\u00e0s d&rsquo;huile d&rsquo;olive 1 courgette ronde (cuite \u00e0 la vapeur) Quelques tomates cerises jaunes et rouges 2 tranches de jambon 2 c\u00e0s d&rsquo;origan (celui-ci vient de Tinos, une de mes amies qui m&rsquo;en a ramen\u00e9 r\u00e9cemment, comme elle y passe toutes ses vacances, j&rsquo;ai la chance de pouvoir lui passer r\u00e9guli\u00e8rement commande \ud83d\ude42 Quelques brins de ciboulette fra\u00eeche cisel\u00e9e Sel, poivre&hellip;<\/p>\n","protected":false},"author":3,"featured_media":3876,"comment_status":"open","ping_status":"open","sticky":false,"template":"","format":"standard","meta":{"_seopress_robots_primary_cat":"","_seopress_titles_title":"","_seopress_titles_desc":"","_seopress_robots_index":"","_exactmetrics_skip_tracking":false,"_exactmetrics_sitenote_active":false,"_exactmetrics_sitenote_note":"","_exactmetrics_sitenote_category":0,"footnotes":""},"categories":[138],"tags":[166,399,583,591,613,741,761,896,926,1038],"class_list":["post-3772","post","type-post","status-publish","format-standard","has-post-thumbnail","hentry","category-tartes-salees","tag-ail","tag-courgette","tag-huileolive","tag-jambon","tag-latelier-de-steph-et-lolie","tag-oeufs","tag-origan","tag-prosecco","tag-ricotta","tag-tomatescerises"],"_links":{"self":[{"href":"https:\/\/www.latelierdestephetlolie.com\/index.php?rest_route=\/wp\/v2\/posts\/3772","targetHints":{"allow":["GET"]}}],"collection":[{"href":"https:\/\/www.latelierdestephetlolie.com\/index.php?rest_route=\/wp\/v2\/posts"}],"about":[{"href":"https:\/\/www.latelierdestephetlolie.com\/index.php?rest_route=\/wp\/v2\/types\/post"}],"author":[{"embeddable":true,"href":"https:\/\/www.latelierdestephetlolie.com\/index.php?rest_route=\/wp\/v2\/users\/3"}],"replies":[{"embeddable":true,"href":"https:\/\/www.latelierdestephetlolie.com\/index.php?rest_route=%2Fwp%2Fv2%2Fcomments&post=3772"}],"version-history":[{"count":1,"href":"https:\/\/www.latelierdestephetlolie.com\/index.php?rest_route=\/wp\/v2\/posts\/3772\/revisions"}],"predecessor-version":[{"id":7941,"href":"https:\/\/www.latelierdestephetlolie.com\/index.php?rest_route=\/wp\/v2\/posts\/3772\/revisions\/7941"}],"wp:featuredmedia":[{"embeddable":true,"href":"https:\/\/www.latelierdestephetlolie.com\/index.php?rest_route=\/wp\/v2\/media\/3876"}],"wp:attachment":[{"href":"https:\/\/www.latelierdestephetlolie.com\/index.php?rest_route=%2Fwp%2Fv2%2Fmedia&parent=3772"}],"wp:term":[{"taxonomy":"category","embeddable":true,"href":"https:\/\/www.latelierdestephetlolie.com\/index.php?rest_route=%2Fwp%2Fv2%2Fcategories&post=3772"},{"taxonomy":"post_tag","embeddable":true,"href":"https:\/\/www.latelierdestephetlolie.com\/index.php?rest_route=%2Fwp%2Fv2%2Ftags&post=3772"}],"curies":[{"name":"wp","href":"https:\/\/api.w.org\/{rel}","templated":true}]}}