{"id":3739,"date":"2015-05-18T08:00:45","date_gmt":"2015-05-18T07:00:45","guid":{"rendered":"https:\/\/www.latelierdestephetlolie.com\/?p=3739"},"modified":"2017-03-28T15:13:45","modified_gmt":"2017-03-28T13:13:45","slug":"verrine-aperitive-de-radis-multicolores","status":"publish","type":"post","link":"https:\/\/www.latelierdestephetlolie.com\/?p=3739","title":{"rendered":"Verrine ap\u00e9ritive de radis multicolores"},"content":{"rendered":"<p>1 botte de radis multicolores<br \/>\n2 c\u00e0s d&rsquo;huile d&rsquo;olive<br \/>\n1 citron jaune<br \/>\nQuelques brins de ciboulette cisel\u00e9e<br \/>\nSel, poivre noir du moulin<\/p>\n<h2><span style=\"color:#800080\">\u2665<\/span><span style=\"color:#ffff00\">\u2665<\/span><span style=\"color:#ff00ff\">\u2665<\/span><\/h2>\n<p>En ce moment avec le soleil qui commence \u00e0 pointer le bout de son nez, j&rsquo;ai envie de fra\u00eecheur surtout au moment de l&rsquo;ap\u00e9ro \ud83d\ude42<br \/>\nJ&rsquo;ai d\u00e9nich\u00e9 une jolie botte de radis multicolores sur le march\u00e9 de Rennes, et cela m&rsquo;a donn\u00e9 l&rsquo;id\u00e9e de ces jolies verrines.<\/p>\n<p>Coupez les radis en fines tranches<br \/>\nD\u00e9posez les dans une passoire, saupoudrez de sel fin et les laisser d\u00e9gorger 1 bonne heure.<br \/>\nRincez les rincer \u00e0 l&rsquo;eau claire et essuyez les bien dans du papier absorbant<br \/>\nFaites les mariner avec l&rsquo;huile d&rsquo;olive et le jus du citron<br \/>\nDressez les dans de petites verrines, salez, poivrez et saupoudrez de ciboulette fra\u00eeche, c&rsquo;est frais, c&rsquo;est pr\u00eat!<\/p>\n<h2><span style=\"color:#800080\">\u2665<\/span><span style=\"color:#ffff00\">\u2665<\/span><span style=\"color:#ff00ff\">\u2665<\/span><\/h2>\n<p><a href=\"https:\/\/www.latelierdestephetlolie.com\/wp-content\/uploads\/2015\/05\/radis-marines1.jpg\"><img loading=\"lazy\" decoding=\"async\" class=\"aligncenter wp-image-3740 size-large\" src=\"https:\/\/www.latelierdestephetlolie.com\/wp-content\/uploads\/2015\/05\/radis-marines1.jpg?w=440\" alt=\"radis marin\u00e9s1\" width=\"440\" height=\"660\" srcset=\"https:\/\/www.latelierdestephetlolie.com\/wp-content\/uploads\/2015\/05\/radis-marines1.jpg 1000w, https:\/\/www.latelierdestephetlolie.com\/wp-content\/uploads\/2015\/05\/radis-marines1-200x300.jpg 200w, https:\/\/www.latelierdestephetlolie.com\/wp-content\/uploads\/2015\/05\/radis-marines1-768x1152.jpg 768w, https:\/\/www.latelierdestephetlolie.com\/wp-content\/uploads\/2015\/05\/radis-marines1-683x1024.jpg 683w, https:\/\/www.latelierdestephetlolie.com\/wp-content\/uploads\/2015\/05\/radis-marines1-940x1410.jpg 940w\" sizes=\"auto, (max-width: 440px) 100vw, 440px\" \/><\/a><\/p>\n<p><a href=\"https:\/\/www.latelierdestephetlolie.com\/wp-content\/uploads\/2015\/05\/radis-marines4.jpg\"><img loading=\"lazy\" decoding=\"async\" class=\"aligncenter wp-image-3743 size-large\" src=\"https:\/\/www.latelierdestephetlolie.com\/wp-content\/uploads\/2015\/05\/radis-marines4.jpg?w=440\" alt=\"radis marin\u00e9s4\" width=\"440\" height=\"660\" srcset=\"https:\/\/www.latelierdestephetlolie.com\/wp-content\/uploads\/2015\/05\/radis-marines4.jpg 1000w, https:\/\/www.latelierdestephetlolie.com\/wp-content\/uploads\/2015\/05\/radis-marines4-200x300.jpg 200w, https:\/\/www.latelierdestephetlolie.com\/wp-content\/uploads\/2015\/05\/radis-marines4-768x1152.jpg 768w, https:\/\/www.latelierdestephetlolie.com\/wp-content\/uploads\/2015\/05\/radis-marines4-683x1024.jpg 683w, https:\/\/www.latelierdestephetlolie.com\/wp-content\/uploads\/2015\/05\/radis-marines4-940x1410.jpg 940w\" sizes=\"auto, (max-width: 440px) 100vw, 440px\" \/><\/a><\/p>\n","protected":false},"excerpt":{"rendered":"<p>1 botte de radis multicolores 2 c\u00e0s d&rsquo;huile d&rsquo;olive 1 citron jaune Quelques brins de ciboulette cisel\u00e9e Sel, poivre noir du moulin \u2665\u2665\u2665 En ce moment avec le soleil qui commence \u00e0 pointer le bout de son nez, j&rsquo;ai envie de fra\u00eecheur surtout au moment de l&rsquo;ap\u00e9ro \ud83d\ude42 J&rsquo;ai d\u00e9nich\u00e9 une jolie botte de radis multicolores sur le march\u00e9 de Rennes, et cela m&rsquo;a donn\u00e9 l&rsquo;id\u00e9e de ces jolies verrines. Coupez les radis en fines&hellip;<\/p>\n","protected":false},"author":3,"featured_media":3743,"comment_status":"open","ping_status":"open","sticky":false,"template":"","format":"standard","meta":{"_seopress_robots_primary_cat":"","_seopress_titles_title":"","_seopress_titles_desc":"","_seopress_robots_index":"","_exactmetrics_skip_tracking":false,"_exactmetrics_sitenote_active":false,"_exactmetrics_sitenote_note":"","_exactmetrics_sitenote_category":0,"footnotes":""},"categories":[9,149],"tags":[177,364,366,583,613,904,1052],"class_list":["post-3739","post","type-post","status-publish","format-standard","has-post-thumbnail","hentry","category-apero-light","category-verrines-salees","tag-apero-2","tag-ciboulette","tag-citron","tag-huileolive","tag-latelier-de-steph-et-lolie","tag-radis","tag-verrine"],"_links":{"self":[{"href":"https:\/\/www.latelierdestephetlolie.com\/index.php?rest_route=\/wp\/v2\/posts\/3739","targetHints":{"allow":["GET"]}}],"collection":[{"href":"https:\/\/www.latelierdestephetlolie.com\/index.php?rest_route=\/wp\/v2\/posts"}],"about":[{"href":"https:\/\/www.latelierdestephetlolie.com\/index.php?rest_route=\/wp\/v2\/types\/post"}],"author":[{"embeddable":true,"href":"https:\/\/www.latelierdestephetlolie.com\/index.php?rest_route=\/wp\/v2\/users\/3"}],"replies":[{"embeddable":true,"href":"https:\/\/www.latelierdestephetlolie.com\/index.php?rest_route=%2Fwp%2Fv2%2Fcomments&post=3739"}],"version-history":[{"count":2,"href":"https:\/\/www.latelierdestephetlolie.com\/index.php?rest_route=\/wp\/v2\/posts\/3739\/revisions"}],"predecessor-version":[{"id":239554,"href":"https:\/\/www.latelierdestephetlolie.com\/index.php?rest_route=\/wp\/v2\/posts\/3739\/revisions\/239554"}],"wp:featuredmedia":[{"embeddable":true,"href":"https:\/\/www.latelierdestephetlolie.com\/index.php?rest_route=\/wp\/v2\/media\/3743"}],"wp:attachment":[{"href":"https:\/\/www.latelierdestephetlolie.com\/index.php?rest_route=%2Fwp%2Fv2%2Fmedia&parent=3739"}],"wp:term":[{"taxonomy":"category","embeddable":true,"href":"https:\/\/www.latelierdestephetlolie.com\/index.php?rest_route=%2Fwp%2Fv2%2Fcategories&post=3739"},{"taxonomy":"post_tag","embeddable":true,"href":"https:\/\/www.latelierdestephetlolie.com\/index.php?rest_route=%2Fwp%2Fv2%2Ftags&post=3739"}],"curies":[{"name":"wp","href":"https:\/\/api.w.org\/{rel}","templated":true}]}}