{"id":3002872,"date":"2019-03-06T17:15:54","date_gmt":"2019-03-06T16:15:54","guid":{"rendered":"https:\/\/www.latelierdestephetlolie.com\/?p=3002872"},"modified":"2019-03-06T17:15:54","modified_gmt":"2019-03-06T16:15:54","slug":"frites-de-patates-douces","status":"publish","type":"post","link":"https:\/\/www.latelierdestephetlolie.com\/?p=3002872","title":{"rendered":"Frites de patates douces"},"content":{"rendered":"<p><strong><span style=\"text-decoration: underline\">Ingr\u00e9dients pour 2 personnes :<\/span><\/strong><\/p>\n<ul>\n<li>2 <strong>patates douces<\/strong><\/li>\n<li>2 c\u00e0s <strong>d&rsquo;huile d&rsquo;olive<\/strong><\/li>\n<li>2 c\u00e0s de <strong>cr\u00e8me balsamique\u00a0<\/strong><\/li>\n<li>2 c\u00e0s de <strong>graines m\u00e9lang\u00e9es<\/strong> (lin, s\u00e9same, tournesol)<\/li>\n<li>Sel, poivre noir du moulin<\/li>\n<\/ul>\n<p><span style=\"text-decoration: underline\"><strong>Pr\u00e9paration :<\/strong><\/span><\/p>\n<p>Epluchez et d\u00e9taillez les <strong>patates douces<\/strong> en <strong>frites, <\/strong>d\u00e9posez-les dans un saladier, ajoutez <strong>l&rsquo;huile<\/strong>, <strong>salez,<\/strong> <strong>poivrez<\/strong> et m\u00e9langez<\/p>\n<p>Pr\u00e9chauffez le four \u00e0 180\u00b0C<\/p>\n<p>Disposez les <strong>frites de patates douces<\/strong> sur plaque de cuisson recouverte de papier cuisson<\/p>\n<p>R\u00e9partissez la <strong>cr\u00e8me balsamique<\/strong> sur les <strong>frites<\/strong> et parsemez de <strong>graines<\/strong><\/p>\n<p>Enfournez pendant 35 mn<\/p>\n<p>D\u00e9gustez les <strong>frites de patates douces<\/strong> avec le <strong>PROSECCO PERLINO EXTRA DRY \ud83d\ude09 <\/strong><\/p>\n<p><strong>\u00ab\u00a0<\/strong>l&rsquo;abus d&rsquo;alcool est dangereux pour la sant\u00e9\u00a0\u00bb<\/p>\n<p><img loading=\"lazy\" decoding=\"async\" class=\"aligncenter wp-image-3002873 size-full\" src=\"https:\/\/www.latelierdestephetlolie.com\/wp-content\/uploads\/2019\/03\/Frites-de-patates-douces.jpg\" alt=\"patates douces - ap\u00e9ro - photo l'atelier de Steph et lolie \" width=\"2999\" height=\"4499\" srcset=\"https:\/\/www.latelierdestephetlolie.com\/wp-content\/uploads\/2019\/03\/Frites-de-patates-douces.jpg 2999w, https:\/\/www.latelierdestephetlolie.com\/wp-content\/uploads\/2019\/03\/Frites-de-patates-douces-200x300.jpg 200w, https:\/\/www.latelierdestephetlolie.com\/wp-content\/uploads\/2019\/03\/Frites-de-patates-douces-768x1152.jpg 768w, https:\/\/www.latelierdestephetlolie.com\/wp-content\/uploads\/2019\/03\/Frites-de-patates-douces-683x1024.jpg 683w, https:\/\/www.latelierdestephetlolie.com\/wp-content\/uploads\/2019\/03\/Frites-de-patates-douces-940x1410.jpg 940w\" sizes=\"auto, (max-width: 2999px) 100vw, 2999px\" \/><\/p>\n","protected":false},"excerpt":{"rendered":"<p>Ingr\u00e9dients pour 2 personnes : 2 patates douces 2 c\u00e0s d&rsquo;huile d&rsquo;olive 2 c\u00e0s de cr\u00e8me balsamique\u00a0 2 c\u00e0s de graines m\u00e9lang\u00e9es (lin, s\u00e9same, tournesol) Sel, poivre noir du moulin Pr\u00e9paration : Epluchez et d\u00e9taillez les patates douces en frites, d\u00e9posez-les dans un saladier, ajoutez l&rsquo;huile, salez, poivrez et m\u00e9langez Pr\u00e9chauffez le four \u00e0 180\u00b0C Disposez les frites de patates douces sur plaque de cuisson recouverte de papier cuisson R\u00e9partissez la cr\u00e8me balsamique sur les&hellip;<\/p>\n","protected":false},"author":3,"featured_media":3002873,"comment_status":"open","ping_status":"open","sticky":false,"template":"","format":"standard","meta":{"_seopress_robots_primary_cat":"","_seopress_titles_title":"","_seopress_titles_desc":"","_seopress_robots_index":"","_exactmetrics_skip_tracking":false,"_exactmetrics_sitenote_active":false,"_exactmetrics_sitenote_note":"","_exactmetrics_sitenote_category":0,"footnotes":""},"categories":[8],"tags":[1157],"class_list":["post-3002872","post","type-post","status-publish","format-standard","has-post-thumbnail","hentry","category-apero","tag-patate-douce"],"_links":{"self":[{"href":"https:\/\/www.latelierdestephetlolie.com\/index.php?rest_route=\/wp\/v2\/posts\/3002872","targetHints":{"allow":["GET"]}}],"collection":[{"href":"https:\/\/www.latelierdestephetlolie.com\/index.php?rest_route=\/wp\/v2\/posts"}],"about":[{"href":"https:\/\/www.latelierdestephetlolie.com\/index.php?rest_route=\/wp\/v2\/types\/post"}],"author":[{"embeddable":true,"href":"https:\/\/www.latelierdestephetlolie.com\/index.php?rest_route=\/wp\/v2\/users\/3"}],"replies":[{"embeddable":true,"href":"https:\/\/www.latelierdestephetlolie.com\/index.php?rest_route=%2Fwp%2Fv2%2Fcomments&post=3002872"}],"version-history":[{"count":5,"href":"https:\/\/www.latelierdestephetlolie.com\/index.php?rest_route=\/wp\/v2\/posts\/3002872\/revisions"}],"predecessor-version":[{"id":3014446,"href":"https:\/\/www.latelierdestephetlolie.com\/index.php?rest_route=\/wp\/v2\/posts\/3002872\/revisions\/3014446"}],"wp:featuredmedia":[{"embeddable":true,"href":"https:\/\/www.latelierdestephetlolie.com\/index.php?rest_route=\/wp\/v2\/media\/3002873"}],"wp:attachment":[{"href":"https:\/\/www.latelierdestephetlolie.com\/index.php?rest_route=%2Fwp%2Fv2%2Fmedia&parent=3002872"}],"wp:term":[{"taxonomy":"category","embeddable":true,"href":"https:\/\/www.latelierdestephetlolie.com\/index.php?rest_route=%2Fwp%2Fv2%2Fcategories&post=3002872"},{"taxonomy":"post_tag","embeddable":true,"href":"https:\/\/www.latelierdestephetlolie.com\/index.php?rest_route=%2Fwp%2Fv2%2Ftags&post=3002872"}],"curies":[{"name":"wp","href":"https:\/\/api.w.org\/{rel}","templated":true}]}}