{"id":294611,"date":"2017-04-21T11:17:21","date_gmt":"2017-04-21T09:17:21","guid":{"rendered":"https:\/\/www.latelierdestephetlolie.com\/?p=294611"},"modified":"2017-05-15T14:05:48","modified_gmt":"2017-05-15T12:05:48","slug":"quiche-sans-pate-aux-pommes-de-terre-vitelotte-tomates-cerises-et-chevre","status":"publish","type":"post","link":"https:\/\/www.latelierdestephetlolie.com\/?p=294611","title":{"rendered":"Quiche sans p\u00e2te aux pommes de terre Vitelotte, tomates cerises et ch\u00e8vre"},"content":{"rendered":"<p><span style=\"text-decoration: underline\">Ingr\u00e9dients pour 4 personnes :<\/span><\/p>\n<ul>\n<li>4 pommes de terre Vitelotte<\/li>\n<li>8 tomates cerises<\/li>\n<li>1\/2 ch\u00e8vre b\u00fbche cendr\u00e9<\/li>\n<li>1 c\u00e0s d&rsquo;origan s\u00e9ch\u00e9<\/li>\n<li>2 c\u00e0s de pecorino<\/li>\n<li>Quelques feuilles de basilic frais<\/li>\n<\/ul>\n<p><span style=\"text-decoration: underline\">Appareil \u00e0 cr\u00e8me prise sal\u00e9e:<\/span><\/p>\n<ul>\n<li>2 oeufs<\/li>\n<li>2 jaunes<\/li>\n<li>20 cl de lait<\/li>\n<li>20 cl de cr\u00e8me fra\u00eeche \u00e9paisse<\/li>\n<li>1 c\u00e0s d&rsquo;huile d&rsquo;olive<\/li>\n<li>1 gousse d&rsquo;ail hach\u00e9e<\/li>\n<li>Sel, poivre noir du moulin<\/li>\n<\/ul>\n<p><span style=\"text-decoration: underline\">Pr\u00e9paration:<\/span><\/p>\n<p>Pr\u00e9chauffez le four \u00e0 190\u00b0C<\/p>\n<p>Dans un saladier, fouettez les jaunes avec les \u0153ufs, ajoutez le lait, la cr\u00e8me, l&rsquo;huile d&rsquo;olive, la gousse d&rsquo;ail hach\u00e9e, fouettez bien l&rsquo;appareil, salez, poivrez, r\u00e9servez<\/p>\n<p>\u00c9pluchez, lavez et taillez les pommes de terre en fines rondelles \u00e0 l&rsquo;aide d&rsquo;une mandoline, puis coupez chaque rondelles en 4, r\u00e9servez<\/p>\n<p>Lavez et coupez les tomates cerises en deux dans le sens de la longueur, r\u00e9servez<\/p>\n<p>Coupez le ch\u00e8vre en petits cubes, r\u00e9servez<\/p>\n<p>Versez l&rsquo;appareil dans un moule beurr\u00e9, ajoutez les ingr\u00e9dients, parsemez d&rsquo;origan et de pecorino<\/p>\n<p>Enfournez pendant 35 \u00e0 40 mn<\/p>\n<p>Au moment de servir, ajoutez quelques feuilles de basilic frais \ud83d\ude42<\/p>\n<p>&nbsp;<\/p>\n<p><img loading=\"lazy\" decoding=\"async\" class=\"aligncenter wp-image-294631 size-large\" src=\"https:\/\/www.latelierdestephetlolie.com\/wp-content\/uploads\/2017\/04\/Quiche-ch\u00e8vre-pdt-tomate-celeri-rave2-1-e1492706451649-683x1024.jpg\" alt=\"\" width=\"683\" height=\"1024\" srcset=\"https:\/\/www.latelierdestephetlolie.com\/wp-content\/uploads\/2017\/04\/Quiche-ch\u00e8vre-pdt-tomate-celeri-rave2-1-e1492706451649-683x1024.jpg 683w, https:\/\/www.latelierdestephetlolie.com\/wp-content\/uploads\/2017\/04\/Quiche-ch\u00e8vre-pdt-tomate-celeri-rave2-1-e1492706451649-200x300.jpg 200w, https:\/\/www.latelierdestephetlolie.com\/wp-content\/uploads\/2017\/04\/Quiche-ch\u00e8vre-pdt-tomate-celeri-rave2-1-e1492706451649-768x1152.jpg 768w, https:\/\/www.latelierdestephetlolie.com\/wp-content\/uploads\/2017\/04\/Quiche-ch\u00e8vre-pdt-tomate-celeri-rave2-1-e1492706451649-940x1410.jpg 940w, https:\/\/www.latelierdestephetlolie.com\/wp-content\/uploads\/2017\/04\/Quiche-ch\u00e8vre-pdt-tomate-celeri-rave2-1-e1492706451649.jpg 1000w\" sizes=\"auto, (max-width: 683px) 100vw, 683px\" \/><\/p>\n","protected":false},"excerpt":{"rendered":"<p>Voici une d\u00e9licieuse quiche sans p\u00e2te \ud83d\ude42 Facile et rapide \u00e0 r\u00e9aliser, vous pouvez bien entendu utiliser les ingr\u00e9dients de votre choix! La recette de la cr\u00e8me prise sal\u00e9e est inratable, c&rsquo;est celle j&rsquo;ai apprise pendant mon CAP Cuisine \ud83d\ude42 <\/p>\n","protected":false},"author":3,"featured_media":294630,"comment_status":"open","ping_status":"open","sticky":false,"template":"","format":"standard","meta":{"_seopress_robots_primary_cat":"","_seopress_titles_title":"","_seopress_titles_desc":"","_seopress_robots_index":"","_exactmetrics_skip_tracking":false,"_exactmetrics_sitenote_active":false,"_exactmetrics_sitenote_note":"","_exactmetrics_sitenote_category":0,"footnotes":""},"categories":[1169,115,125],"tags":[182,303,337,499,803,878,901,902,953,1038],"class_list":["post-294611","post","type-post","status-publish","format-standard","has-post-thumbnail","hentry","category-pizzas-tartes-quiches","category-quiches","category-sans-gluten","tag-appareil-a-creme-prise-salee","tag-cap-cuisine","tag-chevre","tag-food","tag-pecorino","tag-pommes-de-terre-2","tag-quiches","tag-quichesanspate","tag-sans-gluten","tag-tomatescerises"],"_links":{"self":[{"href":"https:\/\/www.latelierdestephetlolie.com\/index.php?rest_route=\/wp\/v2\/posts\/294611","targetHints":{"allow":["GET"]}}],"collection":[{"href":"https:\/\/www.latelierdestephetlolie.com\/index.php?rest_route=\/wp\/v2\/posts"}],"about":[{"href":"https:\/\/www.latelierdestephetlolie.com\/index.php?rest_route=\/wp\/v2\/types\/post"}],"author":[{"embeddable":true,"href":"https:\/\/www.latelierdestephetlolie.com\/index.php?rest_route=\/wp\/v2\/users\/3"}],"replies":[{"embeddable":true,"href":"https:\/\/www.latelierdestephetlolie.com\/index.php?rest_route=%2Fwp%2Fv2%2Fcomments&post=294611"}],"version-history":[{"count":5,"href":"https:\/\/www.latelierdestephetlolie.com\/index.php?rest_route=\/wp\/v2\/posts\/294611\/revisions"}],"predecessor-version":[{"id":294765,"href":"https:\/\/www.latelierdestephetlolie.com\/index.php?rest_route=\/wp\/v2\/posts\/294611\/revisions\/294765"}],"wp:featuredmedia":[{"embeddable":true,"href":"https:\/\/www.latelierdestephetlolie.com\/index.php?rest_route=\/wp\/v2\/media\/294630"}],"wp:attachment":[{"href":"https:\/\/www.latelierdestephetlolie.com\/index.php?rest_route=%2Fwp%2Fv2%2Fmedia&parent=294611"}],"wp:term":[{"taxonomy":"category","embeddable":true,"href":"https:\/\/www.latelierdestephetlolie.com\/index.php?rest_route=%2Fwp%2Fv2%2Fcategories&post=294611"},{"taxonomy":"post_tag","embeddable":true,"href":"https:\/\/www.latelierdestephetlolie.com\/index.php?rest_route=%2Fwp%2Fv2%2Ftags&post=294611"}],"curies":[{"name":"wp","href":"https:\/\/api.w.org\/{rel}","templated":true}]}}