{"id":2923590,"date":"2019-02-20T09:39:46","date_gmt":"2019-02-20T08:39:46","guid":{"rendered":"https:\/\/www.latelierdestephetlolie.com\/?p=2923590"},"modified":"2019-02-20T09:40:06","modified_gmt":"2019-02-20T08:40:06","slug":"quiche-sans-pate-aux-pommes-chevre-et-jambon-serrano","status":"publish","type":"post","link":"https:\/\/www.latelierdestephetlolie.com\/?p=2923590","title":{"rendered":"Quiche sans p\u00e2te aux pommes, ch\u00e8vre et jambon Serrano"},"content":{"rendered":"<p>Facile<\/p>\n<p>Pr\u00e9paration : 15 mn<\/p>\n<p>Cuisson : 35 mn<\/p>\n<p><span style=\"text-decoration: underline\"><strong>Ingr\u00e9dients pour 6 personnes:<\/strong><\/span><\/p>\n<ul>\n<li>2 <strong>oeufs<\/strong><\/li>\n<li>2 <strong>jaunes d&rsquo;oeufs<\/strong><\/li>\n<li>300 g de <strong>cr\u00e8me fraiche \u00e9paisse<\/strong><\/li>\n<li>20 cl de <strong>lait<\/strong><\/li>\n<li>130 g de <strong>ma\u00efzena<\/strong><\/li>\n<li>2 <strong>pommes<\/strong><\/li>\n<li>4 tranches de <strong>jambon Serrano AOSTE<\/strong><\/li>\n<li>200 g de <strong>ch\u00e8vre b\u00fbche cendr\u00e9<\/strong><\/li>\n<li>2 c\u00e0s de<strong> cr\u00e8me balsamique<\/strong> + 1 filet pour la fin<\/li>\n<li>1 c\u00e0s de<strong> curcuma<\/strong> en poudre<\/li>\n<li>2 c\u00e0s de <strong>graines m\u00e9lang\u00e9es<\/strong> (lin, tournesol, chanvre)<\/li>\n<li>10 g de beurre pour le moule<\/li>\n<li>Sel, poivre noir du moulin<\/li>\n<\/ul>\n<p><span style=\"text-decoration: underline\"><strong>Pr\u00e9paration :<\/strong><\/span><\/p>\n<p>Epluchez et d\u00e9taillez les <strong>pommes<\/strong> en petits d\u00e9s, faites-les revenir dans la <strong>cr\u00e8me balsamique<\/strong> pendant 5 mn \u00e0 feu moyen<\/p>\n<p>Dans un saladier, fouettez les <strong>jaunes d&rsquo;oeufs<\/strong> avec les<strong> oeufs<\/strong>, ajoutez la <strong>cr\u00e8me<\/strong>, le<strong> lait<\/strong>, le <strong>curcuma<\/strong>, incorporez au fur et \u00e0 mesure la <strong>ma\u00efzena<\/strong>, salez, poivrez et m\u00e9langez bien l&rsquo;ensemble afin d&rsquo;obtenir une pr\u00e9paration homog\u00e8ne<\/p>\n<p>Pr\u00e9chauffez le four \u00e0 180\u00b0C<\/p>\n<p>D\u00e9taillez le <strong>ch\u00e8vre cendr\u00e9<\/strong> en rondelles, d\u00e9coupez le <strong>jambon Serrano<\/strong> en morceaux<\/p>\n<p>Versez la pr\u00e9paration dans le fond d&rsquo;un moule beurr\u00e9, ajoutez les d\u00e9s de <strong>pommes<\/strong>, les rondelles de <strong>ch\u00e8vre<\/strong>, et les morceaux de <strong>jambon Serrano<\/strong><\/p>\n<p>Parsemez la <strong>quiche<\/strong> de<strong> graines<\/strong>, et versez un filet de <strong>cr\u00e8me balsamique<\/strong><\/p>\n<p>Enfournez pendant 30 mn,<\/p>\n<p>Vous pouvez aussi retrouver ma recette de <strong><a href=\"https:\/\/www.latelierdestephetlolie.com\/2017\/03\/30\/quiche-au-saumon-et-graines-de-chef-facon-tortilla\/\">quiche-au-saumon-et-graines-de-chef-facon-tortilla<\/a><\/strong><\/p>\n<p>Un d\u00e9lice \ud83d\ude09<\/p>\n<p><img loading=\"lazy\" decoding=\"async\" class=\"aligncenter wp-image-2923595 size-full\" src=\"https:\/\/www.latelierdestephetlolie.com\/wp-content\/uploads\/2019\/02\/Quiche-sans-p\u00e2te-pommes-ch\u00e8vre-et-jambon-serrano0-copie.jpg\" alt=\"Quiche pommes ch\u00e8vre et jambon cru photo et recette l'atelier de Steph et Lolie\" width=\"1300\" height=\"1950\" srcset=\"https:\/\/www.latelierdestephetlolie.com\/wp-content\/uploads\/2019\/02\/Quiche-sans-p\u00e2te-pommes-ch\u00e8vre-et-jambon-serrano0-copie.jpg 1300w, https:\/\/www.latelierdestephetlolie.com\/wp-content\/uploads\/2019\/02\/Quiche-sans-p\u00e2te-pommes-ch\u00e8vre-et-jambon-serrano0-copie-200x300.jpg 200w, https:\/\/www.latelierdestephetlolie.com\/wp-content\/uploads\/2019\/02\/Quiche-sans-p\u00e2te-pommes-ch\u00e8vre-et-jambon-serrano0-copie-768x1152.jpg 768w, https:\/\/www.latelierdestephetlolie.com\/wp-content\/uploads\/2019\/02\/Quiche-sans-p\u00e2te-pommes-ch\u00e8vre-et-jambon-serrano0-copie-683x1024.jpg 683w, https:\/\/www.latelierdestephetlolie.com\/wp-content\/uploads\/2019\/02\/Quiche-sans-p\u00e2te-pommes-ch\u00e8vre-et-jambon-serrano0-copie-940x1410.jpg 940w\" sizes=\"auto, (max-width: 1300px) 100vw, 1300px\" \/><\/p>\n","protected":false},"excerpt":{"rendered":"<p>Voici une d\u00e9licieuse quiche sans p\u00e2te sucr\u00e9e &amp; sal\u00e9e \ud83d\ude42 j&rsquo;esp\u00e8re que la recette vous plaira \ud83d\ude09 <\/p>\n","protected":false},"author":3,"featured_media":2923595,"comment_status":"open","ping_status":"open","sticky":false,"template":"","format":"standard","meta":{"_seopress_robots_primary_cat":"","_seopress_titles_title":"","_seopress_titles_desc":"","_seopress_robots_index":"","_exactmetrics_skip_tracking":false,"_exactmetrics_sitenote_active":false,"_exactmetrics_sitenote_note":"","_exactmetrics_sitenote_category":0,"footnotes":""},"categories":[115],"tags":[1304,337,592,876],"class_list":["post-2923590","post","type-post","status-publish","format-standard","has-post-thumbnail","hentry","category-quiches","tag-aoste","tag-chevre","tag-jambon-cru","tag-pommes"],"_links":{"self":[{"href":"https:\/\/www.latelierdestephetlolie.com\/index.php?rest_route=\/wp\/v2\/posts\/2923590","targetHints":{"allow":["GET"]}}],"collection":[{"href":"https:\/\/www.latelierdestephetlolie.com\/index.php?rest_route=\/wp\/v2\/posts"}],"about":[{"href":"https:\/\/www.latelierdestephetlolie.com\/index.php?rest_route=\/wp\/v2\/types\/post"}],"author":[{"embeddable":true,"href":"https:\/\/www.latelierdestephetlolie.com\/index.php?rest_route=\/wp\/v2\/users\/3"}],"replies":[{"embeddable":true,"href":"https:\/\/www.latelierdestephetlolie.com\/index.php?rest_route=%2Fwp%2Fv2%2Fcomments&post=2923590"}],"version-history":[{"count":5,"href":"https:\/\/www.latelierdestephetlolie.com\/index.php?rest_route=\/wp\/v2\/posts\/2923590\/revisions"}],"predecessor-version":[{"id":2926801,"href":"https:\/\/www.latelierdestephetlolie.com\/index.php?rest_route=\/wp\/v2\/posts\/2923590\/revisions\/2926801"}],"wp:featuredmedia":[{"embeddable":true,"href":"https:\/\/www.latelierdestephetlolie.com\/index.php?rest_route=\/wp\/v2\/media\/2923595"}],"wp:attachment":[{"href":"https:\/\/www.latelierdestephetlolie.com\/index.php?rest_route=%2Fwp%2Fv2%2Fmedia&parent=2923590"}],"wp:term":[{"taxonomy":"category","embeddable":true,"href":"https:\/\/www.latelierdestephetlolie.com\/index.php?rest_route=%2Fwp%2Fv2%2Fcategories&post=2923590"},{"taxonomy":"post_tag","embeddable":true,"href":"https:\/\/www.latelierdestephetlolie.com\/index.php?rest_route=%2Fwp%2Fv2%2Ftags&post=2923590"}],"curies":[{"name":"wp","href":"https:\/\/api.w.org\/{rel}","templated":true}]}}