{"id":2399,"date":"2015-01-21T10:45:48","date_gmt":"2015-01-21T09:45:48","guid":{"rendered":"https:\/\/www.latelierdestephetlolie.com\/?p=2399"},"modified":"2018-05-21T10:50:23","modified_gmt":"2018-05-21T08:50:23","slug":"sardines-marinees-sur-planchette-foodista5","status":"publish","type":"post","link":"https:\/\/www.latelierdestephetlolie.com\/?p=2399","title":{"rendered":"Sardines marin\u00e9es sur planchette \u00ab\u00a0Foodista#5\u00a0\u00bb"},"content":{"rendered":"<p>La\u00a0Foodista Challenge\u00a0c\u2019est quoi ? C\u2019est tout simplement un d\u00e9fi culinaire\u00a0cr\u00e9\u00e9 par St\u00e9phanie de\u00a0<a href=\"http:\/\/cuisinemoiunmouton.com\/\">http:\/\/cuisinemoiunmouton.com\/<\/a>\u00a0qui r\u00e9unit des blogueu(r)ses et non blogueu(r)ses et de partager leurs passions autour d\u2019un th\u00e8me commun agr\u00e9ment\u00e9 de deux petites r\u00e8gles du jeu impos\u00e9es par la marraine.<\/p>\n<p>La Foodista a un but primordial : s\u2019amuser tous ensembles. Mais cela nous permettra \u00e9galement de d\u00e9couvrir de nouveaux blogs, de s\u2019inspirer, d\u2019\u00e9changer, de papoter, de s\u2019\u00e9vader\u2026<\/p>\n<p>La marraine \u00e9lue devra choisir un th\u00e8me ainsi que deux r\u00e8gles du jeu parmi la liste suivante :<br \/>\nUn ingr\u00e9dient impos\u00e9, diff\u00e9rent pour ceux qui choisiront de faire du sal\u00e9 ou du sucr\u00e9<br \/>\nUne couleur qui devra \u00eatre pr\u00e9sente dans votre recette<br \/>\nUne lettre il faudra alors inclure dans la recette un ingr\u00e9dient principal commen\u00e7ant par cette lettre<br \/>\nUn pays qui inspirera les recettes du th\u00e8me<br \/>\nUn accessoire qui devra se trouver sur vos photos<\/p>\n<p>La recette (ou la photo) devra \u00eatre post\u00e9e (ou envoy\u00e9e par mail pour les non blogueu(r)ses) le jour J afin de faciliter le travail de la marraine.<br \/>\nUn tableau Pinterest sera alors cr\u00e9\u00e9 pour l\u2019occasion<\/p>\n<p>Pour rappel : voici la liste des th\u00e8mes pr\u00e9c\u00e9dents :<br \/>\nFoodista Challenge #1 : Steph de Cuisine moi un mouton<span style=\"color:#808080\"> : \u00ab\u00a0<a style=\"color:#808080\" href=\"http:\/\/cuisinemoiunmouton.com\/foodista-challenge-1\/\">Cupcakes &amp; muffins<\/a>\u00ab\u00a0<\/span><br \/>\n<span style=\"color:#000000\"> Foodista Challenge #2 : Lucie de Goulucieusement :<span style=\"color:#999999\">\u00a0<span style=\"color:#808080\">\u00ab\u00a0<a style=\"color:#808080\" href=\"http:\/\/goulucieusement.blogspot.fr\/2014\/09\/et-le-theme-de-la-foodista-challenge-2.html\">Go\u00fbter d\u2019automne<\/a>\u00ab\u00a0<\/span><\/span><\/span><br \/>\nFoodista Challenge #3 : Aude de Contes et D\u00e9lices<span style=\"color:#000000\"> : <span style=\"color:#808080\"><a style=\"color:#808080\" href=\"http:\/\/contesetdelices.com\/2014\/10\/foodista-challenge-3\/\">\u00a0\u00ab\u00a0Le Brunch<\/a>\u00ab\u00a0<\/span><\/span><\/p>\n<p>Foodista Challenge #4 : Julia de Les Cookines :<span style=\"color:#808080\"><a style=\"color:#808080\" href=\"http:\/\/lescookines.wordpress.com\/2014\/11\/20\/foodista-challenge-4-annonce-du-theme\/\">\u00a0\u00ab\u00a0Les recettes cosy de Scandinavie<\/a>\u00ab\u00a0<\/span><\/p>\n<div>Notre nouvelle marraine est : Ana\u00efs du blog<strong><span style=\"color:#000000\">\u00a0<\/span><\/strong><span style=\"color:#000000\">:<\/span><strong><span style=\"color:#000000\">\u00a0<\/span><\/strong><span style=\"color:#000000\"><span style=\"color:#808080\">\u00ab\u00a0http:\/\/www.lemonandsardine.fr\u00a0\u00bb<\/span><\/span><\/div>\n<p>Pour ce \u00ab\u00a0Foodista#5\u2033 \u00a0le th\u00e8me qui a \u00e9t\u00e9 choisi est \u00a0:<\/p>\n<h2><span style=\"color:#99cc00\"><strong>\u00ab\u00a0Un\u00a0zeste de m\u00e9diterran\u00e9e\u00a0\u00bb<\/strong><\/span><\/h2>\n<p><span style=\"text-decoration:underline\">Les deux crit\u00e8res\u00a0\u00e0 respecter\u00a0sont<\/span> :<br \/>\nCuisiner le citron sous la\u00a0forme de votre choix (confit, zestes, jus, etc.).<br \/>\nProposer une recette originaire du bassin m\u00e9diterran\u00e9en (Sud de la France, Espagne, Italie, pays du Maghreb, Gr\u00e8ce, Chypre, Turquie\u2026)<\/p>\n<h1><span style=\"color:#ffff00\">\u2666\u2666\u2666\u2666\u2666\u2666\u2666\u2666<\/span><\/h1>\n<h2><span style=\"color:#ff9900\">Un peu d&rsquo;\u00e9vasion ensoleill\u00e9e avec ces d\u00e9licieuses sardines marin\u00e9es fa\u00e7on<\/span><span style=\"color:#99cc00\"> tapas Ohl\u00e9 !!!<\/span><\/h2>\n<p>Je me suis inspir\u00e9e d&rsquo;une des recettes de Fred Chesneau, un de mes chefs pr\u00e9f\u00e9r\u00e9s \ud83d\ude42<\/p>\n<p><span style=\"text-decoration:underline;color:#993300\">Pour 6 personnes il vous faut:<\/span><br \/>\n1 kg de filets de sardines (Picard)<br \/>\n2 Oranges<br \/>\n1 pamplemousse<br \/>\n1 citron jaune, 1 citron vert<br \/>\n1 \u00e9chalote<br \/>\n10 cl de vinaigre de mangue<br \/>\n6 c\u00e0s d&rsquo;huile d&rsquo;olive<br \/>\n8 c\u00e0s de sucre semoule<br \/>\n8 c\u00e0s de fleur de sel, poivre<\/p>\n<h1><span style=\"color:#ffff00\">\u2666\u2666\u2666\u2666\u2666\u2666\u2666\u2666<\/span><\/h1>\n<p>La veille, pr\u00e9l\u00e9vez le zeste des oranges, du pamplemousse et du citron, pressez les fruits. Assemblez dans un saladier la fleur de sel, le sucre et les zestes du pamplemousse, du citron et de 1 orange.<br \/>\nD\u00e9roulez 1 m\u00e8tre de film alimentaire et placez-le dans un plat en le faisant d\u00e9passer de part et d&rsquo;autre.<br \/>\nEtalez au fond du plat 1\/3 du m\u00e9lange sucre-sel-zestes. Posez les sardines dessus, chair vers le haut, sans les faire se chevaucher. Recouvrez du reste du m\u00e9lange de zestes. Arrosez le tout du vinaigre de mange. Rabattez les bords du film sur le dessus de mani\u00e8re \u00e0 bien empaqueter les sardines. Recouvrez d&rsquo;une planchette en bois et posez un poids dessus. R\u00e9servez 24 heures au r\u00e9frig\u00e9rateur.<br \/>\nLe jour m\u00eame, rincez les sardines sous l&rsquo;eau froide et s\u00e9chez-les sur du papier absorbant. M\u00e9langez l&rsquo;huile d&rsquo;olive et la moiti\u00e9 du jus du pamplemousse, du citron et de l&rsquo;orange.<br \/>\nD\u00e9posez les sardines dans un r\u00e9cipient et arrosez-les de vinaigrette aux agrumes.<br \/>\nAu dernier moment, dressez les filets de sardines sur une planche, ajoutez l&rsquo;\u00e9chalote \u00e9minc\u00e9e, r\u00e2pez au-dessus le zeste du citron vert et un tour de moulin \u00e0 poivre<\/p>\n<h1><span style=\"color:#ffff00\">\u2666\u2666\u2666\u2666\u2666\u2666\u2666\u2666<\/span><\/h1>\n<p>A servir \u00e0 l&rsquo;ap\u00e9ritif accompagn\u00e9es d&rsquo;un verre de Torres Vina Esmeralda.<\/p>\n<h3><\/h3>\n<p><a href=\"https:\/\/www.latelierdestephetlolie.com\/wp-content\/uploads\/2015\/01\/sardine-foodista3.jpg\"><img loading=\"lazy\" decoding=\"async\" class=\"aligncenter wp-image-2401\" src=\"https:\/\/www.latelierdestephetlolie.com\/wp-content\/uploads\/2015\/01\/sardine-foodista3.jpg?w=200\" alt=\"sardine foodista3\" width=\"500\" height=\"750\" srcset=\"https:\/\/www.latelierdestephetlolie.com\/wp-content\/uploads\/2015\/01\/sardine-foodista3.jpg 1000w, https:\/\/www.latelierdestephetlolie.com\/wp-content\/uploads\/2015\/01\/sardine-foodista3-200x300.jpg 200w, https:\/\/www.latelierdestephetlolie.com\/wp-content\/uploads\/2015\/01\/sardine-foodista3-768x1152.jpg 768w, https:\/\/www.latelierdestephetlolie.com\/wp-content\/uploads\/2015\/01\/sardine-foodista3-683x1024.jpg 683w, https:\/\/www.latelierdestephetlolie.com\/wp-content\/uploads\/2015\/01\/sardine-foodista3-940x1410.jpg 940w\" sizes=\"auto, (max-width: 500px) 100vw, 500px\" \/><\/a><\/p>\n<p><a href=\"https:\/\/www.latelierdestephetlolie.com\/wp-content\/uploads\/2015\/01\/sardine-foodista1.jpg\"><img loading=\"lazy\" decoding=\"async\" class=\"alignnone size-medium wp-image-2402\" src=\"https:\/\/www.latelierdestephetlolie.com\/wp-content\/uploads\/2015\/01\/sardine-foodista1.jpg?w=200\" alt=\"sardine foodista1\" width=\"200\" height=\"300\" srcset=\"https:\/\/www.latelierdestephetlolie.com\/wp-content\/uploads\/2015\/01\/sardine-foodista1.jpg 1000w, https:\/\/www.latelierdestephetlolie.com\/wp-content\/uploads\/2015\/01\/sardine-foodista1-200x300.jpg 200w, https:\/\/www.latelierdestephetlolie.com\/wp-content\/uploads\/2015\/01\/sardine-foodista1-768x1152.jpg 768w, https:\/\/www.latelierdestephetlolie.com\/wp-content\/uploads\/2015\/01\/sardine-foodista1-683x1024.jpg 683w, https:\/\/www.latelierdestephetlolie.com\/wp-content\/uploads\/2015\/01\/sardine-foodista1-940x1410.jpg 940w\" sizes=\"auto, (max-width: 200px) 100vw, 200px\" \/><\/a>\u00a0 \u00a0 \u00a0 \u00a0 \u00a0<a href=\"https:\/\/www.latelierdestephetlolie.com\/wp-content\/uploads\/2015\/01\/agrumes.jpg\"><img loading=\"lazy\" decoding=\"async\" class=\"alignnone size-medium wp-image-2403\" src=\"https:\/\/www.latelierdestephetlolie.com\/wp-content\/uploads\/2015\/01\/agrumes.jpg?w=200\" alt=\"agrumes\" width=\"200\" height=\"300\" srcset=\"https:\/\/www.latelierdestephetlolie.com\/wp-content\/uploads\/2015\/01\/agrumes.jpg 1000w, https:\/\/www.latelierdestephetlolie.com\/wp-content\/uploads\/2015\/01\/agrumes-200x300.jpg 200w, https:\/\/www.latelierdestephetlolie.com\/wp-content\/uploads\/2015\/01\/agrumes-768x1152.jpg 768w, https:\/\/www.latelierdestephetlolie.com\/wp-content\/uploads\/2015\/01\/agrumes-683x1024.jpg 683w, https:\/\/www.latelierdestephetlolie.com\/wp-content\/uploads\/2015\/01\/agrumes-940x1410.jpg 940w\" sizes=\"auto, (max-width: 200px) 100vw, 200px\" \/><\/a><\/p>\n<p><a href=\"https:\/\/www.latelierdestephetlolie.com\/wp-content\/uploads\/2015\/01\/agrumes.jpg\"><img loading=\"lazy\" decoding=\"async\" class=\"aligncenter wp-image-2400\" src=\"https:\/\/www.latelierdestephetlolie.com\/wp-content\/uploads\/2015\/01\/sardine-foodista2.jpg?w=200\" alt=\"sardine foodista2\" width=\"500\" height=\"750\" srcset=\"https:\/\/www.latelierdestephetlolie.com\/wp-content\/uploads\/2015\/01\/sardine-foodista2.jpg 1000w, https:\/\/www.latelierdestephetlolie.com\/wp-content\/uploads\/2015\/01\/sardine-foodista2-200x300.jpg 200w, https:\/\/www.latelierdestephetlolie.com\/wp-content\/uploads\/2015\/01\/sardine-foodista2-768x1152.jpg 768w, https:\/\/www.latelierdestephetlolie.com\/wp-content\/uploads\/2015\/01\/sardine-foodista2-683x1024.jpg 683w, https:\/\/www.latelierdestephetlolie.com\/wp-content\/uploads\/2015\/01\/sardine-foodista2-940x1410.jpg 940w\" sizes=\"auto, (max-width: 500px) 100vw, 500px\" \/><\/a><\/p>\n<p><span style=\"text-decoration:underline\"><a href=\"https:\/\/www.latelierdestephetlolie.com\/wp-content\/uploads\/2015\/01\/foodista.jpg\"><img loading=\"lazy\" decoding=\"async\" class=\" size-medium wp-image-2429 aligncenter\" src=\"https:\/\/www.latelierdestephetlolie.com\/wp-content\/uploads\/2015\/01\/foodista.jpg?w=300\" alt=\"foodista\" width=\"300\" height=\"300\" srcset=\"https:\/\/www.latelierdestephetlolie.com\/wp-content\/uploads\/2015\/01\/foodista.jpg 957w, https:\/\/www.latelierdestephetlolie.com\/wp-content\/uploads\/2015\/01\/foodista-150x150.jpg 150w, https:\/\/www.latelierdestephetlolie.com\/wp-content\/uploads\/2015\/01\/foodista-300x300.jpg 300w, https:\/\/www.latelierdestephetlolie.com\/wp-content\/uploads\/2015\/01\/foodista-768x770.jpg 768w, https:\/\/www.latelierdestephetlolie.com\/wp-content\/uploads\/2015\/01\/foodista-940x943.jpg 940w\" sizes=\"auto, (max-width: 300px) 100vw, 300px\" \/><\/a><\/span><\/p>\n<p><span style=\"text-decoration:underline\">\u00a0Liste des participants :<\/span><\/p>\n<p><span style=\"color:#000000\"><strong><em>\u00a0<\/em><\/strong>Lemon &amp; Sardine \u25aa\u00a0<a style=\"color:#000000\" href=\"http:\/\/cookingnco.com\/\" target=\"_blank\" rel=\"nofollow\">Cooking n\u2019 Co<\/a> \u25aa\u00a0<a style=\"color:#000000\" href=\"http:\/\/lescookines.wordpress.com\/\" target=\"_blank\" rel=\"nofollow\">Les Cookines<\/a>\u00a0\u25aa\u00a0<a style=\"color:#000000\" href=\"http:\/\/www.ilovecakes.fr\/\" target=\"_blank\" rel=\"nofollow\">I Love Cakes<\/a>\u00a0\u25aa\u00a0<a style=\"color:#000000\" href=\"http:\/\/keskonmangemaman.blogspot.fr\/\" target=\"_blank\" rel=\"nofollow\">Keskonmangemaman?<\/a> \u25aa\u00a0<a style=\"color:#000000\" href=\"http:\/\/cgourmandise.canalblog.com\/\" target=\"_blank\" rel=\"nofollow\">Cyrielle Gourmandise<\/a>\u00a0\u25aa\u00a0<a style=\"color:#000000\" href=\"http:\/\/cooking-bonappetit.com\/\" target=\"_blank\" rel=\"nofollow\">Cooking &amp; Bon app\u00e9tit<\/a>\u00a0\u25aa\u00a0<a style=\"color:#000000\" href=\"http:\/\/lesrecettesdeflo.over-blog.com\/\" target=\"_blank\" rel=\"nofollow\">Les recettes de Flo<\/a>\u00a0\u25aa\u00a0<a style=\"color:#000000\" href=\"https:\/\/www.latelierdestephetlolie.com\/\" target=\"_blank\" rel=\"nofollow\">L\u2019Atelier de Steph et Lolie<\/a>\u00a0\u25aa\u00a0<a style=\"color:#000000\" href=\"http:\/\/verveine-citron.com\/\" target=\"_blank\" rel=\"nofollow\">Verveine Citron<\/a>\u00a0\u25aa\u00a0<a style=\"color:#000000\" href=\"http:\/\/cuisinemoiunmouton.com\/\" target=\"_blank\" rel=\"nofollow\">Cuisine moi un mouton<\/a>\u00a0\u25aa\u00a0<a style=\"color:#000000\" href=\"http:\/\/encorunelichette.canalblog.com\/\" target=\"_blank\" rel=\"nofollow\">Encore une lichette<\/a>\u00a0\u25aa\u00a0<a style=\"color:#000000\" href=\"http:\/\/www.bistrodejenna.com\/\" target=\"_blank\" rel=\"nofollow\">Bistro de Jenna<\/a>\u00a0\u25aa <a style=\"color:#000000\" href=\"http:\/\/cookalifebymaeva.blogspot.fr\/\" target=\"_blank\" rel=\"nofollow\">Cook a Life! by Maeva<\/a>\u00a0\u25aa\u00a0<a style=\"color:#000000\" href=\"http:\/\/cuisine.chez-la-marmotte.fr\/\" target=\"_blank\" rel=\"nofollow\">La Marmotte cuisine<\/a>\u00a0\u25aa\u00a0<a style=\"color:#000000\" href=\"http:\/\/contesetdelices.com\/\" target=\"_blank\" rel=\"nofollow\">Contes et D\u00e9lices<\/a>\u00a0\u25aa\u00a0<a style=\"color:#000000\" href=\"http:\/\/mariecuisinepour6.blogspot.fr\/\" target=\"_blank\" rel=\"nofollow\">Marie cuisine pour 6<\/a>\u00a0\u25aa\u00a0<a style=\"color:#000000\" href=\"http:\/\/gourmandetbio.canalblog.com\/\" target=\"_blank\" rel=\"nofollow\">Gourmand et Bio<\/a>\u00a0\u25aa\u00a0<a style=\"color:#000000\" href=\"http:\/\/douceursmaison.unblog.fr\/\" target=\"_blank\" rel=\"nofollow\">Douceurs maison<\/a>\u00a0\u25aa\u00a0<a style=\"color:#000000\" href=\"http:\/\/pourquoi-je-grossis.blogspot.fr\/\" target=\"_blank\" rel=\"nofollow\">Pourquoi je grossis<\/a>\u00a0\u25aa\u00a0<a style=\"color:#000000\" href=\"http:\/\/chouxetmacarons.over-blog.com\/\" target=\"_blank\" rel=\"nofollow\">Choux et macarons\u00a0\u25aa<\/a>\u00a0<a style=\"color:#000000\" href=\"http:\/\/vg-tables.fr\/\" target=\"_blank\" rel=\"nofollow\">VG-tables<\/a>\u00a0\u25aa\u00a0<a style=\"color:#000000\" href=\"https:\/\/cooknblog.wordpress.com\/\" target=\"_blank\" rel=\"nofollow\">Cook\u2019n\u2019blog<\/a>\u00a0\u25aa\u00a0Milky et sa p\u00e2tisserie\u00a0\u25aa\u00a0Laura World Foodista\u00a0\u25aa\u00a0<a style=\"color:#000000\" href=\"http:\/\/champagne79.over-blog.com\/\" target=\"_blank\" rel=\"nofollow\">Champagne79<\/a>\u00a0\u25aa\u00a0<a style=\"color:#000000\" href=\"http:\/\/www.cuisine.voozenoo.fr\/\" target=\"_blank\" rel=\"nofollow\">Une cuisine pour voozenoo<\/a>\u00a0\u25aa\u00a0<a style=\"color:#000000\" href=\"http:\/\/lescarnetsdesophie.fr\/\" target=\"_blank\" rel=\"nofollow\">Les Carnets de Sophie<\/a>\u00a0\u25aa\u00a0<a style=\"color:#000000\" href=\"http:\/\/toutsimplementfaitmaisonleblog.over-blog.com\/\" target=\"_blank\" rel=\"nofollow\">Tout simplement fait maison<\/a>\u00a0\u25aa\u00a0<a style=\"color:#000000\" href=\"http:\/\/yellowmustard5.blogspot.be\/\" target=\"_blank\" rel=\"nofollow\">J\u2019ai toujours aim\u00e9 le jaune moutarde<\/a>\u00a0\u25aa\u00a0<a style=\"color:#000000\" href=\"http:\/\/cuisine2soeurs.blogspot.fr\/\" target=\"_blank\" rel=\"nofollow\">Cuisine 2 soeurs<\/a>\u00a0\u25aa\u00a0<a style=\"color:#000000\" href=\"http:\/\/cuisinedamour.unblog.fr\/\" target=\"_blank\" rel=\"nofollow\">Cuisinedamour<\/a>\u00a0\u25aa\u00a0<a style=\"color:#000000\" href=\"http:\/\/auxdelicesdevany.blogspot.fr\/\" target=\"_blank\" rel=\"nofollow\">Aux d\u00e9lices de Vany<\/a>\u00a0\u25aa\u00a0<a style=\"color:#000000\" href=\"http:\/\/etcharlottedecouvritlacuisine.blogspot.fr\/\" target=\"_blank\" rel=\"nofollow\">Et Charlotte d\u00e9couvrit la cuisine\u2026<\/a>\u00a0\u25aa\u00a0<a style=\"color:#000000\" href=\"https:\/\/milicook.wordpress.com\/\" target=\"_blank\" rel=\"nofollow\">Mili en cuisine<\/a>\u00a0\u25aa\u00a0<a style=\"color:#000000\" href=\"http:\/\/le-miam-de-ninou.blogspot.fr\/\" target=\"_blank\" rel=\"nofollow\">Le Miam de Ninou<\/a>\u00a0\u25aa\u00a0<a style=\"color:#000000\" href=\"http:\/\/www.au-menu-du-jour.com\/\" target=\"_blank\" rel=\"nofollow\">Au menu du jour\u2026 by Timandra<\/a>\u00a0\u25aa\u00a0<a style=\"color:#000000\" href=\"https:\/\/www.facebook.com\/pages\/Gourmandises-%C3%A0-Partager\/1483909758546383?fref=nf\" target=\"_blank\" rel=\"nofollow\">Gourmandises \u00e0 Partager<\/a>\u00a0\u25aa\u00a0<a style=\"color:#000000\" href=\"http:\/\/doriannn.blogspot.fr\/\" target=\"_blank\" rel=\"nofollow\">Mais pourquoi est-ce que je vous raconte \u00e7a\u2026<\/a>\u00a0\u25aa\u00a0<a style=\"color:#000000\" href=\"http:\/\/girlyanddelicious.over-blog.com\/\" target=\"_blank\" rel=\"nofollow\">Girly &amp; Delicious<\/a>\u00a0\u25aa\u00a0<a style=\"color:#000000\" href=\"http:\/\/monptitcoingourmand.blogspot.fr\/\" target=\"_blank\" rel=\"nofollow\">Mon p\u2019tit coin gourmand<\/a>\u00a0\u25aa <a style=\"color:#000000\" href=\"http:\/\/popoteetnature.blogspot.fr\/\" target=\"_blank\" rel=\"nofollow\">Popote et nature<\/a>\u00a0\u25aa Fourchette \u00e0 gauche\u00a0\u25aa\u00a0<a style=\"color:#000000\" href=\"http:\/\/instagram.com\/pauline_burg\" target=\"_blank\" rel=\"nofollow\">Pauline<\/a>\u00a0\u25aa <a style=\"color:#000000\" href=\"http:\/\/mesjuliegourmandises.blogspot.fr\/\" target=\"_blank\" rel=\"nofollow\">Mes Julie Gourmandises<\/a>\u00a0\u25aa\u00a0<a style=\"color:#000000\" href=\"http:\/\/www.letablierdececile.fr\/\" target=\"_blank\" rel=\"nofollow\">Le tablier de C\u00e9cile<\/a>\u00a0\u25aa\u00a0<a style=\"color:#000000\" href=\"http:\/\/papillote-et-papillon.blogspot.fr\/\" target=\"_blank\" rel=\"nofollow\">Papille Hot And Papille On<\/a>\u00a0\u25aa\u00a0<a style=\"color:#000000\" href=\"http:\/\/lacuisinedejuju.over-blog.com\/\" target=\"_blank\" rel=\"nofollow\">La Cuisine de Juju<\/a> \u25aa<\/span><\/p>\n","protected":false},"excerpt":{"rendered":"<p>La\u00a0Foodista Challenge\u00a0c\u2019est quoi ? C\u2019est tout simplement un d\u00e9fi culinaire\u00a0cr\u00e9\u00e9 par St\u00e9phanie de\u00a0http:\/\/cuisinemoiunmouton.com\/\u00a0qui r\u00e9unit des blogueu(r)ses et non blogueu(r)ses et de partager leurs passions autour d\u2019un th\u00e8me commun agr\u00e9ment\u00e9 de deux petites r\u00e8gles du jeu impos\u00e9es par la marraine. La Foodista a un but primordial : s\u2019amuser tous ensembles. Mais cela nous permettra \u00e9galement de [&hellip;]<\/p>\n","protected":false},"author":3,"featured_media":2429,"comment_status":"open","ping_status":"open","sticky":false,"template":"","format":"standard","meta":{"_seopress_titles_title":"","_seopress_titles_desc":"","_seopress_robots_index":"","_seopress_robots_follow":"","_seopress_robots_imageindex":"","_seopress_robots_snippet":"","_seopress_robots_primary_cat":"","_seopress_robots_breadcrumbs":"","_seopress_robots_freeze_modified_date":"","_seopress_robots_custom_modified_date":"","_seopress_robots_canonical":"","_seopress_social_fb_title":"","_seopress_social_fb_desc":"","_seopress_social_fb_img":"","_seopress_social_fb_img_attachment_id":0,"_seopress_social_fb_img_width":0,"_seopress_social_fb_img_height":0,"_seopress_social_twitter_title":"","_seopress_social_twitter_desc":"","_seopress_social_twitter_img":"","_seopress_social_twitter_img_attachment_id":0,"_seopress_social_twitter_img_width":0,"_seopress_social_twitter_img_height":0,"_seopress_redirections_value":"","_seopress_redirections_enabled":"","_seopress_redirections_enabled_regex":"","_seopress_redirections_logged_status":"","_seopress_redirections_param":"","_seopress_redirections_type":0,"_seopress_analysis_target_kw":"","_exactmetrics_skip_tracking":false,"_exactmetrics_sitenote_active":false,"_exactmetrics_sitenote_note":"","_exactmetrics_sitenote_category":0,"footnotes":""},"categories":[59,132],"tags":[165,366,663,755,770,869,954],"class_list":["post-2399","post","type-post","status-publish","format-standard","has-post-thumbnail","hentry","category-foodista","category-tapas-apero","tag-agrumes","tag-citron","tag-mangue","tag-orange","tag-pamplemousse","tag-poissons-2","tag-sardines"],"_links":{"self":[{"href":"https:\/\/www.latelierdestephetlolie.com\/index.php?rest_route=\/wp\/v2\/posts\/2399","targetHints":{"allow":["GET"]}}],"collection":[{"href":"https:\/\/www.latelierdestephetlolie.com\/index.php?rest_route=\/wp\/v2\/posts"}],"about":[{"href":"https:\/\/www.latelierdestephetlolie.com\/index.php?rest_route=\/wp\/v2\/types\/post"}],"author":[{"embeddable":true,"href":"https:\/\/www.latelierdestephetlolie.com\/index.php?rest_route=\/wp\/v2\/users\/3"}],"replies":[{"embeddable":true,"href":"https:\/\/www.latelierdestephetlolie.com\/index.php?rest_route=%2Fwp%2Fv2%2Fcomments&post=2399"}],"version-history":[{"count":5,"href":"https:\/\/www.latelierdestephetlolie.com\/index.php?rest_route=\/wp\/v2\/posts\/2399\/revisions"}],"predecessor-version":[{"id":1596044,"href":"https:\/\/www.latelierdestephetlolie.com\/index.php?rest_route=\/wp\/v2\/posts\/2399\/revisions\/1596044"}],"wp:featuredmedia":[{"embeddable":true,"href":"https:\/\/www.latelierdestephetlolie.com\/index.php?rest_route=\/wp\/v2\/media\/2429"}],"wp:attachment":[{"href":"https:\/\/www.latelierdestephetlolie.com\/index.php?rest_route=%2Fwp%2Fv2%2Fmedia&parent=2399"}],"wp:term":[{"taxonomy":"category","embeddable":true,"href":"https:\/\/www.latelierdestephetlolie.com\/index.php?rest_route=%2Fwp%2Fv2%2Fcategories&post=2399"},{"taxonomy":"post_tag","embeddable":true,"href":"https:\/\/www.latelierdestephetlolie.com\/index.php?rest_route=%2Fwp%2Fv2%2Ftags&post=2399"}],"curies":[{"name":"wp","href":"https:\/\/api.w.org\/{rel}","templated":true}]}}