{"id":1768,"date":"2014-11-09T15:32:43","date_gmt":"2014-11-09T14:32:43","guid":{"rendered":"https:\/\/www.latelierdestephetlolie.com\/?p=1768"},"modified":"2018-05-21T10:49:32","modified_gmt":"2018-05-21T08:49:32","slug":"bataille-food18","status":"publish","type":"post","link":"https:\/\/www.latelierdestephetlolie.com\/?p=1768","title":{"rendered":"Bataille Food#18"},"content":{"rendered":"<p style=\"text-align: left\">Vendredi, B\u00e9atrice du blog <a href=\"http:\/\/popoteetnature.blogspot.fr\/\">http:\/\/popoteetnature.blogspot.fr\/<\/a> qui \u00e9tait la marraine pour la Bataille Food#17, m&rsquo;annon\u00e7ait que j&rsquo;\u00e9tais la \u00ab\u00a0marraine\u00a0\u00bb de la future \u00ab\u00a0Bataille Food\u00a0\u00bb, quelle a \u00e9t\u00e9 ma joie de l&rsquo;apprendre \ud83d\ude42 Merci B\u00e9atrice c&rsquo;est un grand d\u00e9fi pour moi de passer juste apr\u00e8s toi, tu as su nous faire r\u00eaver avec ton th\u00e8me \u00ab\u00a0invitons l&rsquo;automne et les \u00e9cureuils \u00e0 notre table\u00a0\u00bb c&rsquo;est une saison que j&rsquo;aime beaucoup; les feuilles aux couleurs chatoyantes\u00a0qui couvrent les all\u00e9es et les sous-bois, les go\u00fbts et les produits de saison et les premiers feux de chemin\u00e9e. J&rsquo;ai pris beaucoup de plaisir \u00e0 r\u00e9aliser mes verrines automnales \ud83d\ude42 La cuisine et la photo culinaire sont pour moi une th\u00e9rapie de bonheur.<\/p>\n<p><span style=\"color: #ffffff\">\u2217<\/span><br \/>\nAvant de vous d\u00e9voiler le th\u00e8me que j&rsquo;ai choisi pour cette nouvelle \u00ab\u00a0Bataille Food\u00a0\u00bb<br \/>\nJe vous fais une petite r\u00e9cap de son histoire et de ses r\u00e8gles:<\/p>\n<p>La \u00ab\u00a0Bataille Food\u00a0\u00bb c\u2019est quoi? C\u2019est tout simplement un d\u00e9fi culinaire cr\u00e9\u00e9 par Jenna, fondatrice et 1\u00e8re organisatrice de la \u00ab Bataille Food \u00bb <a href=\"http:\/\/www.bistrodejenna.com\/\">http:\/\/www.bistrodejenna.com\/<\/a>\u00a0 (une personne que je connais depuis peu mais que j&rsquo;appr\u00e9cie d\u00e9j\u00e0 beaucoup) \ud83d\ude42<\/p>\n<p>La \u00ab\u00a0Bataille Food\u00a0\u00bb r\u00e9unit des blogueu(r)ses et des non blogueu(r)ses pour\u00a0partager leur passion autour d\u2019un th\u00e8me commun agr\u00e9ment\u00e9 de deux petites r\u00e8gles du jeu impos\u00e9es par la marraine.<\/p>\n<p>La \u00ab Bataille Food \u00bb a un but essentiel: se faire plaisir tous ensemble; cela nous permettra aussi\u00a0de d\u00e9couvrir de nouveaux blogs, de s\u2019inspirer, d\u2019\u00e9changer, de papoter, de s&rsquo;\u00e9vader &#8230;<\/p>\n<h3><span style=\"text-decoration: underline;color: #008000\">Pour les participant(e)s, les r\u00e8gles \u00e0 suivre :<\/span><\/h3>\n<p>-S&rsquo;inscrire sous l&rsquo;article de la personne qui organise, ou sur la page Facebook \u00ab\u00a0Bataille Food\u00a0\u00bb.<br \/>\n-La recette et la photo devront \u00eatre post\u00e9es (ou envoy\u00e9es par mail pour les non blogueu(r)(ses) le mercredi 3 d\u00e9cembre\u00a0\u00e0 partir de 18h00, \u00a0heure m\u00e9tropole).<br \/>\n-Mentionner le nom et le lien du blog de Bistro de Jenna (1\u00e8re organisatrice et fondatrice de la Bataille Food) + le nom et le lien de la personne \u00a0organisatrice de la Bataille Food pr\u00e9c\u00e9dente + le nom et le lien de la personne organisatrice de la Bataille Food actuelle.<br \/>\n-Mentionner la liste de tous les participants.<br \/>\n-Int\u00e9grer la photo originale de la Bataille Food.<br \/>\n-2 ingr\u00e9dients sont impos\u00e9s.<\/p>\n<p>-Ce qu&rsquo;on ne peut pas faire :<\/p>\n<p>&#8211;&gt;\u00a0Imposer une marque pr\u00e9cise, ni\u00a0un \u00e9l\u00e9ment de d\u00e9cor pour la photo finale.<\/p>\n<p>&#8211;&gt; Utiliser comme ingr\u00e9dient impos\u00e9 les ingr\u00e9dients de base (sel, poivre, cr\u00e8me, beurre, farine&#8230;)<\/p>\n<p><span style=\"color: #ffffff\">\u2217<\/span><br \/>\nAfin que je puisse remplir un tableau Pinterest, merci de m&rsquo;envoyer, par message priv\u00e9, la photo et le titre de votre recette. Pensez \u00e0 le faire avant le D-Day!<\/p>\n<p><span style=\"text-decoration: underline\">Mail<\/span> : <strong><span style=\"color: #993300\">steph.lolie@gmail.com<\/span><\/strong><\/p>\n<p>Et bien-s\u00fbr gardez votre recette r\u00e9alis\u00e9e\u00a0<span style=\"text-decoration: underline\">TOP SECRET<\/span> ! Ne la publiez\u00a0sur aucun autre site, blog ou groupe.<\/p>\n<h3><strong><span style=\"color: #800000\"><span style=\"text-decoration: underline\">Attention<\/span> : \u00a0il n&rsquo;est pas autoris\u00e9 d&rsquo;utiliser une de vos anciennes recettes.<\/span><\/strong><\/h3>\n<p>&nbsp;<\/p>\n<p><em>Bataille Food 1 \u2013 organis\u00e9e par Jenna du Bistro de Jenna \u2013 th\u00e8me : La sardine<\/em><\/p>\n<p><em>Bataille Food 2 \u2013 organis\u00e9e par Nadia de\u00a0Objectif Z\u00e9ro Miettes \u2013 th\u00e8me : Le temps des cerises<\/em><br \/>\n<em>Bataille Food 3 \u00a0\u2013 organis\u00e9e par Virginie deLittle Bouillon \u2013 th\u00e8me : Finger food<\/em><br \/>\n<em>Bataille Food 4 \u2013 organis\u00e9e par Gwen de Mon p\u2019tit coin gourmand \u2013 th\u00e8me : La ronde des tartelettes<\/em><br \/>\n<em>Bataille Food 5 \u2013 organis\u00e9e par Gabrielle de Petite Cuill\u00e8re et Charentaise \u2013 th\u00e8me : Aux couleurs de l\u2019Italie<\/em><br \/>\n<em>Bataille Food 6 \u00a0\u2013 organis\u00e9e par Nath de Pourquoi je grossis \u2013 th\u00e8me : Tellement choux<\/em><br \/>\n<em>Bataille Food 7 \u2013 organis\u00e9e par Anne de Miam Addict \u2013 th\u00e8me : Une tartine de gourmandise<\/em><br \/>\n<em>Bataille Food 8 \u2013 organis\u00e9e par Marine de Marine en cuisine \u2013 th\u00e8me : Le chocolat fait son show<\/em><br \/>\n<em>Bataille Food 9 \u2013 organis\u00e9e par Gordana de Des Recettes \u00e0 Gogo \u2013 th\u00e8me : Les folies de la p\u00e2tisserie et de la viennoiserie (mariage fruit et chocolat)<\/em><br \/>\n<em>Bataille Food 10 \u2013 organis\u00e9e par Marie de Bavardages Gourmands \u2013 th\u00e8me : Le destructur\u00e9<\/em><br \/>\n<em>Bataille Food 11 \u2013 organis\u00e9e par Aude de J\u2019am\u00e8ne le dessert \u2013 th\u00e8me : Les s\u2019more<\/em><br \/>\n<em>Bataille Food 12 \u2013 organis\u00e9e par Delphine de Del\u2019s Cooking twist \u2013 th\u00e8me : Le layer cake<\/em><br \/>\n<em>Bataille Food 13 \u2013 organis\u00e9e par Sophie de J\u2019ai le coeur gourmandise \u2013 th\u00e8me : La Bretagne s\u2019invite \u00e0 la f\u00eate, cr\u00eapes et galettes n\u2019en feront qu\u2019\u00e0 leur t\u00eate<\/em><br \/>\n<em>Bataille Food 14 \u2013 organis\u00e9e par Karine de\u00a0Chut je p\u00e2tisse\u00a0\u2013 th\u00e8me : Sexy food<\/em><\/p>\n<p><em>Bataille Food 15\u00a0&#8211; organis\u00e9e par Nathy de Kalou and Cook-th\u00e8me : Voyage \u00e9pices\u2026 C !<\/em><\/p>\n<p><em>Bataille Food 16 &#8211; organis\u00e9e par Lucie de Un week end une recette &#8211; th\u00e8me : On retombe en enfance<\/em><\/p>\n<p><em>Bataille Food 17 &#8211; organis\u00e9e par B\u00e9atrice de Popote et Nature &#8211; th\u00e8me : Invitons l&rsquo;automne et les \u00e9cureuils \u00e0 notre table<\/em><\/p>\n<p><em>Donc pour cette 18\u00e8me \u00ab\u00a0Bataille Food\u00a0\u00bb, j&rsquo;ai choisi le th\u00e8me :<\/em><\/p>\n<h1><span style=\"color: #ff0000\">\u2665<\/span><span style=\"color: #008000\">\u2665<\/span><span style=\"color: #ff0000\">\u2665<\/span><span style=\"color: #008000\">\u2665<\/span><span style=\"color: #ff0000\">\u2665<\/span><span style=\"color: #008000\">\u2665<\/span><span style=\"color: #ff0000\">\u2665<\/span><\/h1>\n<h1><strong><span style=\"color: #ff0000\">\u00ab\u00a0I<span style=\"color: #008000\">l<\/span> \u00e9<span style=\"color: #008000\">t<\/span>a<span style=\"color: #008000\">i<\/span>t <span style=\"color: #008000\">u<\/span>n<span style=\"color: #008000\">e<\/span> f<span style=\"color: #008000\">o<\/span>i<span style=\"color: #008000\">s<\/span>.<span style=\"color: #008000\">.<\/span>. <span style=\"color: #008000\">L<\/span>a <span style=\"color: #008000\">m<\/span>a<span style=\"color: #008000\">g<\/span>i<span style=\"color: #008000\">e<\/span> d<span style=\"color: #008000\">e<\/span> N<span style=\"color: #008000\">o<\/span>\u00eb<span style=\"color: #008000\">l<\/span>\u00a0\u00bb <\/span><\/strong><\/h1>\n<h1><span style=\"color: #ff0000\">\u2665<span style=\"color: #339966\"><span style=\"color: #008000\">\u2665<\/span><span style=\"color: #ff0000\">\u2665<\/span><span style=\"color: #008000\">\u2665<\/span><span style=\"color: #ff0000\">\u2665<span style=\"color: #008000\">\u2665<\/span>\u2665<\/span><\/span><\/span><\/h1>\n<p>Et oui il y une autre saison que j&rsquo;aime beaucoup c&rsquo;est l&rsquo;hiver et bien-s\u00fbr No\u00ebl \ud83d\ude42<br \/>\nL&rsquo;hiver c&rsquo;est cocooner devant la chemin\u00e9e avec un bon bol de chocolat chaud, ou un verre de vin chaud, c&rsquo;est aussi penser aux bonnes recettes festives que nous allons pr\u00e9parer pour les f\u00eates, mettre des bottes fourr\u00e9es et aller marcher dans la neige (oui d&rsquo;accord quand c&rsquo;est possible lol!) Allumer des bougies, quoi que moi, elles sont allum\u00e9es toute l&rsquo;ann\u00e9e \ud83d\ude42\u00a0No\u00ebl avec tous ses petits plat qui sentent bon, ses jolies guirlandes lumineuses, la jolie table et\u00a0son \u00ab\u00a0chez soi\u00a0\u00bb tout d\u00e9cor\u00e9s, les vitrines des magasins qui nous font r\u00eaver, la remise des cadeaux pour petits et grands et les froissements de papier qui l&rsquo;accompagnent, les regards \u00e9merveill\u00e9s des enfants, un bisou scintillant sous une petite boule de gui \ud83d\ude42\u00a0C&rsquo;est tout \u00e7a l&rsquo;esprit de No\u00ebl, c&rsquo;est un peu une fa\u00e7on de retourner en enfance \ud83d\ude42 c&rsquo;est pour cela que je me\u00a0devais de choisir ce th\u00e8me qui me tient \u00e0 c\u0153ur pour beaucoup de raisons<span style=\"color: #ff0000\"> \u2665<\/span><\/p>\n<h2><span style=\"color: #ffffff\">\u2217<\/span><\/h2>\n<p><span style=\"text-decoration: underline;color: #339966\">Les 2 ingr\u00e9dients que j&rsquo;ai choisi sont :<\/span><\/p>\n<p><span style=\"color: #ffffff\">\u2217<\/span><br \/>\n<span style=\"text-decoration: underline\">Ingr\u00e9dient sec festif<\/span>: \u00a0 Foie gras, volailles, caviar, truffes, saumon, oeufs de lump, boudin, crustac\u00e9s, fruits de mer, marrons glac\u00e9s, fruits confits, chocolat&#8230;<\/p>\n<p><span style=\"color: #ffffff\">\u2217<\/span><br \/>\n<span style=\"text-decoration: underline\">Ingr\u00e9dient liquide<\/span> : Champagne, vin, bi\u00e8re, alcools, vinaigres, tous les jus d&rsquo; agrumes&#8230;<\/p>\n<p><span style=\"color: #ffffff\">\u2217<\/span><br \/>\nPour celles et ceux qui aiment la mise en image des recettes, (j&rsquo;en fais partie) \ud83d\ude42 vous pouvez ajouter un d\u00e9cor f\u00e9erique ou non!<\/p>\n<p>Bonne cuisine festive \u00e0 tous, j&rsquo;esp\u00e8re que ce th\u00e8me vous inspirera, j&rsquo;ai h\u00e2te de voir toutes vos gourmandes et jolies r\u00e9alisations qui nous\u00a0feront saliver et nous donneront un avant go\u00fbt de No\u00ebl \ud83d\ude42<span style=\"color: #ff0000\">\u00a0\u2665<\/span><\/p>\n<p><span style=\"color: #ffffff\">\u2217<\/span><br \/>\nA tr\u00e8s bient\u00f4t xx<\/p>\n<p>&nbsp;<\/p>\n<p><img loading=\"lazy\" decoding=\"async\" class=\"alignnone wp-image-1784\" src=\"https:\/\/www.latelierdestephetlolie.com\/wp-content\/uploads\/2014\/11\/8c3ce-verrineoeufsaumon1.jpg?w=200\" alt=\"8c3ce-verrineoeufsaumon1\" width=\"229\" height=\"344\" srcset=\"https:\/\/www.latelierdestephetlolie.com\/wp-content\/uploads\/2014\/11\/8c3ce-verrineoeufsaumon1.jpg 426w, https:\/\/www.latelierdestephetlolie.com\/wp-content\/uploads\/2014\/11\/8c3ce-verrineoeufsaumon1-200x300.jpg 200w\" sizes=\"auto, (max-width: 229px) 100vw, 229px\" \/><a href=\"https:\/\/www.latelierdestephetlolie.com\/wp-content\/uploads\/2014\/11\/7cc18-finegalettechocofin.jpg\"><img loading=\"lazy\" decoding=\"async\" class=\"alignnone wp-image-1785\" src=\"https:\/\/www.latelierdestephetlolie.com\/wp-content\/uploads\/2014\/11\/7cc18-finegalettechocofin.jpg?w=200\" alt=\"7cc18-finegalettechocofin\" width=\"227\" height=\"342\" \/><\/a><\/p>\n<p>&nbsp;<\/p>\n<p>&nbsp;<\/p>\n<p><a href=\"https:\/\/www.latelierdestephetlolie.com\/wp-content\/uploads\/2014\/11\/bataille-food1.jpg\"><img loading=\"lazy\" decoding=\"async\" class=\"alignnone size-medium wp-image-1779\" src=\"https:\/\/www.latelierdestephetlolie.com\/wp-content\/uploads\/2014\/11\/bataille-food1.jpg?w=300\" alt=\"bataille food\" width=\"300\" height=\"258\" srcset=\"https:\/\/www.latelierdestephetlolie.com\/wp-content\/uploads\/2014\/11\/bataille-food1.jpg 367w, https:\/\/www.latelierdestephetlolie.com\/wp-content\/uploads\/2014\/11\/bataille-food1-300x258.jpg 300w\" sizes=\"auto, (max-width: 300px) 100vw, 300px\" \/><\/a><\/p>\n<p>&nbsp;<\/p>\n<p style=\"text-align: left\"><span style=\"text-decoration: underline\">Liste des participants :<\/span><\/p>\n<p><a href=\"https:\/\/www.latelierdestephetlolie.com\/\" target=\"_blank\">L\u2019atelier de Steph et Lolie\u00a0<\/a>\u00a0\u00a0\/\/\u00a0<a href=\"http:\/\/popoteetnature.blogspot.fr\/\" target=\"_blank\">Popote et Nature<\/a><\/p>\n<p><a href=\"http:\/\/pourquoi-je-grossis.blogspot.fr\/\">Pourquoi je grossis<\/a>\u00a0\u00a0\/\/\u00a0<a href=\"http:\/\/pockcath.canalblog.com\/\">MIAM \u00a0\u00bb La cuisine de Cath<\/a><\/p>\n<p><a href=\"http:\/\/cookalifebymaeva.blogspot.fr\/\">CookALife byMaeva<\/a>\u00a0 \u00a0\/\/\u00a0<a href=\"http:\/\/keskonmangemaman.blogspot.fr\/\">Keskonmangemaman?<\/a><\/p>\n<p><a href=\"http:\/\/www.bistrodejenna.com\/\">Bistro de Jenna<\/a>\u00a0 \/\/\u00a0<a href=\"http:\/\/papaencuisine.com\/\">Papa en cuisine\u00a0<\/a><\/p>\n<p><a href=\"http:\/\/karibosakafo.canalblog.com\/\">Karibo Sakafo\u00a0<\/a>\u00a0\/\/\u00a0<a href=\"https:\/\/cooknblog.wordpress.com\/\">cooknblog<\/a><\/p>\n<p><a href=\"http:\/\/des-recettes-a-gogo.com\/\">Des recettes \u00e0 GOGO\u00a0<\/a><a href=\"http:\/\/www.laconquedor.com\/\">\u00a0<\/a>\u00a0\u00a0\/\/\u00a0<a href=\"http:\/\/petite-cuilliere-et-charentaise.blogspot.fr\/\">Petite Cuill\u00e8re et Charentaises\u00a0<\/a><\/p>\n<p><a href=\"http:\/\/www.byacb4you.com\/\">By acb 4 you\u00a0<\/a>\u00a0\u00a0\/\/ \u00a0<a href=\"http:\/\/lesrecettesdeflo.over-blog.com\/\">Les recettes de Flo<\/a><\/p>\n<p>Tout simplement fait maison <span class=\"wp-smiley wp-emoji wp-emoji-wink\" title=\";-)\"><span class=\"wp-smiley wp-emoji wp-emoji-wink\" title=\";-)\">\ud83d\ude09<\/span><\/span>\u00a0 \/\/ \u00a0<a href=\"http:\/\/cookingnco.com\/\">Cooking n\u2019 Co<\/a><\/p>\n<p><a href=\"https:\/\/www.facebook.com\/pages\/A-Fleur-dOranger\/643200599074935?fref=ts\" target=\"_blank\">A fleur d\u2019oranger\u00a0<\/a>\u00a0\u00a0\/\/\u00a0<a href=\"http:\/\/www.visites-gourmandes.com\/blog\/\">Visites gourmandes<\/a><\/p>\n<p><a href=\"http:\/\/champagne79.over-blog.com\/\">Secrets de Gourmandise<\/a>\u00a0 \/\/ \u00a0<a href=\"http:\/\/carolinelapraline.blogspot.fr\/\">carolinelapraline<\/a><\/p>\n<p><a href=\"http:\/\/lacuisinedariane.canalblog.com\/\">La cuisine au fil d\u2019Ariane\u00a0<\/a><a href=\"https:\/\/www.facebook.com\/ACrocsALaCuisine\">\u00a0<\/a>\u00a0\/\/\u00a0<a href=\"http:\/\/unpeudesucre.canalblog.com\/\">Chemin de Gourmandise\u00a0<\/a><\/p>\n<p><a href=\"http:\/\/cuisinemoiunmouton.com\/\">Cuisine moi un mouton<\/a>\u00a0\u00a0<a href=\"http:\/\/www.ecomusee-montmorillonnais.org\/\">\u00a0<\/a>\/\/\u00a0La table d\u2019Eve\u00a0<a href=\"https:\/\/www.facebook.com\/lespetitesmiettesdenfance\">\u00a0<\/a><\/p>\n<p><a href=\"http:\/\/www.cookntinem.fr\/\" target=\"_blank\">Cook N\u2019 Tinem<\/a>\u00a0\/\/\u00a0<a href=\"http:\/\/www.zeromiette.com\/\" target=\"_blank\">Objectif z\u00e9ro miettes<\/a><\/p>\n<p><a href=\"http:\/\/chutjepatisse.com\/\" target=\"_blank\">Chut je p\u00e2tisse<\/a>\u00a0\/\/\u00a0<a href=\"http:\/\/cgourmandise.canalblog.com\/\" target=\"_blank\">Cyrielle gourmandise\u00a0<\/a><\/p>\n<p><a href=\"http:\/\/gourmandisepersonnelle.wordpress.com\/\" target=\"_blank\">Gourmandise personnelle<\/a>\u00a0\/\/\u00a0<a href=\"http:\/\/cuisinevegetalienne.fr\/\" target=\"_blank\">Dans la cuisine de Djanisse\u00a0<\/a><\/p>\n<p><a href=\"http:\/\/encorunelichette.canalblog.com\/\" target=\"_blank\">Encore une lichette<\/a>\u00a0\/\/\u00a0<a href=\"http:\/\/cuisinea4mains.wordpress.com\/\">cuisinea4mains<\/a><\/p>\n<p><a href=\"http:\/\/petitgraindesel.blogspot.fr\/\">petitgraindesel<\/a>\u00a0\/\/\u00a0kalou-and-cook<\/p>\n<p><a href=\"http:\/\/yellowmustard5.blogspot.fr\/\">yellowmustard5<\/a><\/p>\n<p>fourchetteagauche<\/p>\n<p><a href=\"http:\/\/delicesdhelene.over-blog.com\/\">delicesdhelene<\/a><\/p>\n<p><a href=\"http:\/\/gourmandisesetpassions.over-blog.com\/\">gourmandisesetpassions<\/a>\u00a0\/\/\u00a0<a href=\"http:\/\/www.les-voyages-de-gridelle.com\/\">les-voyages-de-gridelle<\/a><\/p>\n<p><a href=\"http:\/\/lesfeesmaisons.canalblog.com\/\">lesfeesmaisons<\/a><\/p>\n<p><a href=\"https:\/\/www.facebook.com\/pages\/Gourmandises-%C3%A0-Partager\/1483909758546383?fref=ts\">Gourmandises<\/a>\u00e0partager \/\/\u00a0<a href=\"https:\/\/www.facebook.com\/pages\/Un-Mec-Toqu%C3%A9\/629184290528191?fref=ts\">Un-Mec-Toqu<\/a>\u00e9<\/p>\n<p><a href=\"http:\/\/www.epicesetmoi.be\/\">epicesetmoi<\/a>\u00a0 \u00a0<a href=\"http:\/\/www.lespetitsgateaux.fr\/\">\/\/lespetitsgateaux<\/a><\/p>\n<p><a href=\"http:\/\/monbonheurgourmand.com\/\">monbonheurgourmand<\/a>\u00a0 \u00a0<a href=\"http:\/\/scrap-packing.blogspot.fr\/\">\/\/scrap-packing<\/a><\/p>\n<p><a href=\"http:\/\/lagrandepages.over-blog.com\/\">lagrandepages<\/a>\u00a0\u00a0\u00a0<a href=\"http:\/\/lacuisinedemelanie.over-blog.com\/\">\/\/lacuisinedemelanie<\/a><\/p>\n<p><a href=\"http:\/\/paruline-en-cuisine.fr\/\">paruline-en-cuisine<\/a>\u00a0 \u00a0<a href=\"http:\/\/www.aprendresansfaim.com\/\">\/\/aprendresansfaim<\/a><\/p>\n<p><a href=\"http:\/\/cuisinedamour.unblog.fr\/\">cuisinedamour<\/a>\u00a0 \u00a0<a href=\"http:\/\/sylemiam.over-blog.com\/\">\/\/sylemiam<\/a><\/p>\n<p><a href=\"https:\/\/www.facebook.com\/anne.deschamps.71\">anne.deschamps.71<\/a><\/p>\n<p><a href=\"http:\/\/www.letablierdececile.fr\/\">letablierdececile<\/a><\/p>\n<p><a href=\"http:\/\/audrey-sugar-spice.wix.com\/recettes\">audrey-sugar-spice<\/a>\u00a0\u00a0\u00a0<a href=\"http:\/\/merci-mamie.tumblr.com\/\">\/\/merci-mamie<\/a><\/p>\n<p><a href=\"http:\/\/lacuisinedejuju.over-blog.com\/\">lacuisinedejuju<\/a>\u00a0 \u00a0<a href=\"https:\/\/m.facebook.com\/profile.php?id=385422221613382\">\/\/Dans-ma-cuisine<\/a><\/p>\n<p><a href=\"http:\/\/amandise.fr\/\">amandise<\/a>\u00a0\/\/\u00a0<a href=\"http:\/\/lescookines.wordpress.com\/\">lescookines<\/a><\/p>\n<p><a href=\"http:\/\/delscookingtwist.com\/\">delscookingtwist.com<\/a>\u00a0\/\/\u00a0<a href=\"http:\/\/etcharlottedecouvritlacuisine.blogspot.fr\/\">etcharlottedecouvritlacuisine<\/a><\/p>\n<p><a href=\"http:\/\/www.laconquedor.com\/\">laconquedor<\/a>\u00a0\/\/\u00a0<a href=\"http:\/\/familyscook.canalblog.com\/\">familyscook<\/a>\u00a0(La Fourchette Gourmande)<\/p>\n","protected":false},"excerpt":{"rendered":"<p>Vendredi, B\u00e9atrice du blog http:\/\/popoteetnature.blogspot.fr\/ qui \u00e9tait la marraine pour la Bataille Food#17, m&rsquo;annon\u00e7ait que j&rsquo;\u00e9tais la \u00ab\u00a0marraine\u00a0\u00bb de la future \u00ab\u00a0Bataille Food\u00a0\u00bb, quelle a \u00e9t\u00e9 ma joie de l&rsquo;apprendre \ud83d\ude42 Merci B\u00e9atrice c&rsquo;est un grand d\u00e9fi pour moi de passer juste apr\u00e8s toi, tu as su nous faire r\u00eaver avec ton th\u00e8me \u00ab\u00a0invitons l&rsquo;automne et les \u00e9cureuils \u00e0 notre table\u00a0\u00bb c&rsquo;est une saison que j&rsquo;aime beaucoup; les feuilles aux couleurs chatoyantes\u00a0qui couvrent les all\u00e9es&hellip;<\/p>\n","protected":false},"author":3,"featured_media":553,"comment_status":"open","ping_status":"open","sticky":false,"template":"","format":"standard","meta":{"_seopress_robots_primary_cat":"","_seopress_titles_title":"","_seopress_titles_desc":"","_seopress_robots_index":"","_exactmetrics_skip_tracking":false,"_exactmetrics_sitenote_active":false,"_exactmetrics_sitenote_note":"","_exactmetrics_sitenote_category":0,"footnotes":""},"categories":[43],"tags":[223],"class_list":["post-1768","post","type-post","status-publish","format-standard","has-post-thumbnail","hentry","category-defis-culinaires","tag-bataillefood"],"_links":{"self":[{"href":"https:\/\/www.latelierdestephetlolie.com\/index.php?rest_route=\/wp\/v2\/posts\/1768","targetHints":{"allow":["GET"]}}],"collection":[{"href":"https:\/\/www.latelierdestephetlolie.com\/index.php?rest_route=\/wp\/v2\/posts"}],"about":[{"href":"https:\/\/www.latelierdestephetlolie.com\/index.php?rest_route=\/wp\/v2\/types\/post"}],"author":[{"embeddable":true,"href":"https:\/\/www.latelierdestephetlolie.com\/index.php?rest_route=\/wp\/v2\/users\/3"}],"replies":[{"embeddable":true,"href":"https:\/\/www.latelierdestephetlolie.com\/index.php?rest_route=%2Fwp%2Fv2%2Fcomments&post=1768"}],"version-history":[{"count":5,"href":"https:\/\/www.latelierdestephetlolie.com\/index.php?rest_route=\/wp\/v2\/posts\/1768\/revisions"}],"predecessor-version":[{"id":1596035,"href":"https:\/\/www.latelierdestephetlolie.com\/index.php?rest_route=\/wp\/v2\/posts\/1768\/revisions\/1596035"}],"wp:featuredmedia":[{"embeddable":true,"href":"https:\/\/www.latelierdestephetlolie.com\/index.php?rest_route=\/wp\/v2\/media\/553"}],"wp:attachment":[{"href":"https:\/\/www.latelierdestephetlolie.com\/index.php?rest_route=%2Fwp%2Fv2%2Fmedia&parent=1768"}],"wp:term":[{"taxonomy":"category","embeddable":true,"href":"https:\/\/www.latelierdestephetlolie.com\/index.php?rest_route=%2Fwp%2Fv2%2Fcategories&post=1768"},{"taxonomy":"post_tag","embeddable":true,"href":"https:\/\/www.latelierdestephetlolie.com\/index.php?rest_route=%2Fwp%2Fv2%2Ftags&post=1768"}],"curies":[{"name":"wp","href":"https:\/\/api.w.org\/{rel}","templated":true}]}}