{"id":1669,"date":"2014-11-05T18:11:52","date_gmt":"2014-11-05T17:11:52","guid":{"rendered":"https:\/\/www.latelierdestephetlolie.com\/?p=1669"},"modified":"2018-05-21T10:49:31","modified_gmt":"2018-05-21T08:49:31","slug":"verrines-automnales-facon-voilier-bataille-food17","status":"publish","type":"post","link":"https:\/\/www.latelierdestephetlolie.com\/?p=1669","title":{"rendered":"\u00ab\u00a0Verrines automnales fa\u00e7on voilier \u00a0\u00bb bataille Food#17"},"content":{"rendered":"<p>La \u00ab\u00a0Bataille Food\u00a0\u00bbc\u2019est quoi ? C\u2019est tout simplement un d\u00e9fi culinaire cr\u00e9\u00e9 par Jenna 1\u00e8re organisatrice et fondatrice de la \u00ab\u00a0Bataille Food\u00a0\u00bb <a href=\"http:\/\/www.bistrodejenna.com\/\">http:\/\/www.bistrodejenna.com\/<\/a><\/p>\n<p>Qui r\u00e9unit des blogueu(r)ses et des non blogueu(r)ses et de partager leurs passions autour d\u2019un th\u00e8me commun agr\u00e9ment\u00e9 de deux petites r\u00e8gles du jeu impos\u00e9es par la marraine<\/p>\n<p>La \u00ab\u00a0Bataille Food\u00a0\u00bb a un but primordial : s\u2019amuser tous ensembles. Mais cela nous permettra \u00e9galement de d\u00e9couvrir de nouveaux blogs, de s\u2019inspirer, d\u2019\u00e9changer&#8230;<\/p>\n<p>La recette (ou la photo) devra \u00eatre post\u00e9e (ou envoy\u00e9e par mail pour les non blogueuses) le 1er mercredi de chaque mois \u00e0 partir de 18h.<\/p>\n<p>Pour le mois de d&rsquo;octobre, c\u2019est Lucie de\u00a0<a href=\"http:\/\/un-week-end-une-recette.com\">http:\/\/un-week-end-une-recette.com<\/a>\u00a0qui a eu la chance d&rsquo;\u00eatre la marraine<\/p>\n<p>Et pour cette 17\u00e8me \u00e9dition de la \u00ab\u00a0bataille food\u00a0\u00bb le th\u00e8me qui a \u00e9t\u00e9 choisi par la nouvelle marraine B\u00e9a de: \u00a0<a href=\"http:\/\/popoteetnature.blogspot.fr\/2014\/10\/bataillefood-17-invitons-lautomne-et.html\">http:\/\/popoteetnature.blogspot.fr\/2014\/10\/bataillefood-17-invitons-lautomne-et.html<\/a><\/p>\n<p>&nbsp;<\/p>\n<p><span style=\"text-decoration: underline\">Le th\u00e8me<\/span> :<\/p>\n<p><strong>\u00ab\u00a0<span style=\"color: #800000\"><i>Invitons l&rsquo;automne \u00a0et les \u00e9cureuils \u00a0\u00e0 notre table \u00a0\u00bb \u00a0\u2665<\/i><\/span><\/strong><\/p>\n<p><span style=\"text-decoration: underline\">2 ingr\u00e9dients<\/span> :<\/p>\n<p><span style=\"color: #ff9900\">Des fruits ou l\u00e9gumes de saison, et\u00a0des fruits\u00a0secs\u00a0\u00e0 coque.<\/span><\/p>\n<p>Voici ma participation \u00e0 cette bataille food tr\u00e8s automnale \ud83d\ude42<\/p>\n<p><span style=\"text-decoration: underline\"><span style=\"color: #993300;text-decoration: underline\">Pour la r\u00e9alisation de deux verrines<\/span> :<\/span><\/p>\n<p><span style=\"color: #ffffff\">&amp;<\/span><br \/>\n<span style=\"color: #000000\">-100 g de m\u00e9lange noisettes, amandes, noix<\/span><br \/>\n<span style=\"color: #000000\"> -1\/2 pomme rouge (ici, une Gala)<\/span><br \/>\n<span style=\"color: #000000\"> -1 yaourt \u00ab\u00a0\u00e0 la grec\u00a0\u00bb<\/span><br \/>\n<span style=\"color: #000000\"> -100 g de cr\u00e8me de marron<\/span><\/p>\n<p><span style=\"color: #ffffff\">&amp;<\/span><br \/>\nTapissez le fond des verrines du m\u00e9lange concass\u00e9 (grossi\u00e8rement au mixer)\u00a0de noisettes, amandes, noix (gardez-en la moiti\u00e9)<br \/>\nAjoutez par verrine 1\/2 pot de yaourt<br \/>\nAjoutez sur le yaourt , 50 g de cr\u00e8me de marron<br \/>\nSaupoudrez \u00e0 nouveau du reste de m\u00e9lange noisettes, amandes,noix<br \/>\nAjouter des petits cubes de pomme<br \/>\nPour la d\u00e9co, coupez quelques lani\u00e8res de pommes et plantez-les verticalement comme des voiles, et ajoutez 1 branchette en guise de m\u00e2t \ud83d\ude42<\/p>\n<p>Bonne d\u00e9gustation !<\/p>\n<p>&nbsp;<\/p>\n<p><a href=\"https:\/\/www.latelierdestephetlolie.com\/wp-content\/uploads\/2014\/11\/verrine-automnale-bataille-food1.jpg\"><img loading=\"lazy\" decoding=\"async\" class=\"aligncenter wp-image-1670\" src=\"https:\/\/www.latelierdestephetlolie.com\/wp-content\/uploads\/2014\/11\/verrine-automnale-bataille-food1.jpg?w=200\" alt=\"verrine automnale bataille food1\" width=\"500\" height=\"750\" srcset=\"https:\/\/www.latelierdestephetlolie.com\/wp-content\/uploads\/2014\/11\/verrine-automnale-bataille-food1.jpg 1000w, https:\/\/www.latelierdestephetlolie.com\/wp-content\/uploads\/2014\/11\/verrine-automnale-bataille-food1-200x300.jpg 200w, https:\/\/www.latelierdestephetlolie.com\/wp-content\/uploads\/2014\/11\/verrine-automnale-bataille-food1-768x1152.jpg 768w, https:\/\/www.latelierdestephetlolie.com\/wp-content\/uploads\/2014\/11\/verrine-automnale-bataille-food1-683x1024.jpg 683w, https:\/\/www.latelierdestephetlolie.com\/wp-content\/uploads\/2014\/11\/verrine-automnale-bataille-food1-940x1410.jpg 940w\" sizes=\"auto, (max-width: 500px) 100vw, 500px\" \/><\/a><\/p>\n<p>&nbsp;<\/p>\n<p><a href=\"https:\/\/www.latelierdestephetlolie.com\/wp-content\/uploads\/2014\/11\/verrine-automnale-bataille-food5.jpg\"><img loading=\"lazy\" decoding=\"async\" class=\"aligncenter wp-image-1671\" src=\"https:\/\/www.latelierdestephetlolie.com\/wp-content\/uploads\/2014\/11\/verrine-automnale-bataille-food5.jpg?w=200\" alt=\"verrine automnale bataille food5\" width=\"500\" height=\"750\" \/><\/a><\/p>\n<p>&nbsp;<\/p>\n<p><a href=\"https:\/\/www.latelierdestephetlolie.com\/wp-content\/uploads\/2014\/11\/verrine-automnale-bataille-food4.jpg\"><img loading=\"lazy\" decoding=\"async\" class=\"aligncenter wp-image-1672\" src=\"https:\/\/www.latelierdestephetlolie.com\/wp-content\/uploads\/2014\/11\/verrine-automnale-bataille-food4.jpg?w=200\" alt=\"verrine automnale bataille food4\" width=\"500\" height=\"750\" \/><\/a><\/p>\n<p>&nbsp;<\/p>\n<p><a href=\"https:\/\/www.latelierdestephetlolie.com\/wp-content\/uploads\/2014\/11\/verrine-automnale-bataille-food2.jpg\"><img loading=\"lazy\" decoding=\"async\" class=\"aligncenter wp-image-1673\" src=\"https:\/\/www.latelierdestephetlolie.com\/wp-content\/uploads\/2014\/11\/verrine-automnale-bataille-food2.jpg?w=200\" alt=\"verrine automnale bataille food2\" width=\"500\" height=\"750\" \/><\/a><\/p>\n<p>&nbsp;<\/p>\n<p><a href=\"https:\/\/www.latelierdestephetlolie.com\/wp-content\/uploads\/2014\/11\/bataille-food.jpg\"><img loading=\"lazy\" decoding=\"async\" class=\"aligncenter wp-image-1675 size-medium\" src=\"https:\/\/www.latelierdestephetlolie.com\/wp-content\/uploads\/2014\/11\/bataille-food.jpg?w=300\" alt=\"bataille food\" width=\"300\" height=\"258\" \/><\/a><\/p>\n<p>&nbsp;<\/p>\n<p>La liste des participants :<\/p>\n<p><a href=\"http:\/\/popoteetnature.blogspot.fr\/\" target=\"_blank\">Popote et Nature<\/a> \/\/\/<a href=\"https:\/\/www.latelierdestephetlolie.com\/\" target=\"_blank\">L&rsquo;atelier de Steph et Lolie\u00a0<\/a>\u00a0\/\/\/\u00a0<a href=\"http:\/\/pourquoi-je-grossis.blogspot.fr\/\">Pourquoi je grossis<\/a>\u00a0\u00a0\/\/\/\u00a0Dolly Rifman\u00a0\u00a0\/\/\/\u00a0<a href=\"http:\/\/www.cuisine.voozenoo.fr\/\">Une cuisine pour Voozenoo<\/a>\u00a0\/\/\/<a href=\"http:\/\/pockcath.canalblog.com\/\">MIAM \u00a0\u00bb La cuisine de Cath<\/a>\u00a0 \/\/\/\u00a0<a href=\"http:\/\/cookalifebymaeva.blogspot.fr\/\">CookALife byMaeva<\/a>\u00a0 \u00a0\/\/\/\u00a0<a href=\"http:\/\/keskonmangemaman.blogspot.fr\/\">Keskonmangemaman?<\/a>\u00a0\u00a0\u00a0\/\/\/\u00a0<a href=\"https:\/\/www.facebook.com\/Evinsursonnuage\">Evin sur son nuage<\/a>\u00a0\/\/\/\u00a0<a href=\"http:\/\/www.les-voyages-de-gridelle.com\/\">Les voyages de Gridelle<\/a>\u00a0\/\/\/\u00a0<a href=\"http:\/\/www.bistrodejenna.com\/\">Bistro de Jenna<\/a>\u00a0\/\/\/\u00a0<a href=\"http:\/\/lesfeesmaisons.canalblog.com\/\">Les F\u00e9es Maisons<\/a>\u00a0\/\/\/<a href=\"http:\/\/auxdelicesdevany.blogspot.fr\/\">Aux d\u00e9lices de Vany\u00a0<\/a>\/\/\/\u00a0\u00a0<a href=\"http:\/\/papaencuisine.com\/\">Papa en cuisine\u00a0<\/a>\/\/\/\u00a0<a href=\"http:\/\/lescookines.wordpress.com\/\">Les Cookines<\/a>\u00a0\/\/\/\u00a0<a href=\"http:\/\/lacuisinedejuju.over-blog.com\/\">La cuisine de Juju<\/a>\u00a0\/\/\/\u00a0<a href=\"http:\/\/homemademaurylise.blogspot.fr\/\" target=\"_blank\">Homemade Maurylise<\/a>\u00a0\/\/\/\u00a0<a href=\"http:\/\/karibosakafo.canalblog.com\/\">Karibo Sakafo !<\/a>\u00a0\/\/\/\u00a0<a href=\"http:\/\/des-recettes-a-gogo.com\/\">Des recettes \u00e0 GOGO\u00a0<\/a>\/\/\/\u00a0<a href=\"http:\/\/www.laconquedor.com\/\">La Conque d&rsquo;Or\u00a0<\/a>\/\/\/\u00a0<a href=\"http:\/\/petite-cuilliere-et-charentaise.blogspot.fr\/\">Petite Cuill\u00e8re et Charentaises\u00a0<\/a>\/\/\/\u00a0<a href=\"http:\/\/monbonheurgourmand.com\/\">Mon bonheur gourmand\u00a0<\/a>\/\/\/\u00a0<a href=\"http:\/\/emiliesweetness.blogspot.fr\/\">Emilie Sweetness<\/a>\u00a0\/\/\/\u00a0<a href=\"http:\/\/chattouille.canalblog.com\/\">Chat touille\u00a0<\/a>\/\/\/\u00a0<a href=\"http:\/\/e-cuisinedemathilde.blogspot.fr\/\">La cuisine de mathilde<\/a>\u00a0\/\/\/\u00a0<a href=\"http:\/\/www.bowl-and-spoon.com\/\">Bowl and Spoon\u00a0<\/a>\/\/\/\u00a0<a href=\"http:\/\/www.byacb4you.com\/\">By acb 4 you\u00a0<\/a>\/\/\/\u00a0<a href=\"http:\/\/lesrecettesdeflo.over-blog.com\/\">Les recettes de Flo<\/a>\u00a0\/\/\/\u00a0<a href=\"http:\/\/claidedo.over-blog.com\/\">Dans ma cuisine\u00a0<\/a>\/\/\/\u00a0<a href=\"https:\/\/www.facebook.com\/pages\/Les-Bonnes-Petites-Recette-de-Lagrandepages\/367376946708396?fref=ts\" target=\"_blank\">Les bonnes petites recettes de Lagrandepages<\/a>\u00a0\/\/\/\u00a0<a href=\"http:\/\/amandise.fr\/\">Amandise\u00a0<\/a>\/\/\/<a href=\"http:\/\/birdslovecherry.blogspot.fr\/\">\u00a0Birds Love Cherry Factory<\/a>\/\/\/Tout simplement fait maison \ud83d\ude09\u00a0\/\/\/\u00a0\u00a0<a href=\"http:\/\/yellowmustard5.blogspot.fr\/\">J&rsquo;ai toujours aim\u00e9 le jaune moutarde<\/a>\u00a0\/\/\/\u00a0<a href=\"http:\/\/cookingnco.com\/\">Cooking n&rsquo; Co<\/a>\u00a0\/\/\/\u00a0<a href=\"http:\/\/claidedo.over-blog.com\/\">Dans ma cuisine\u00a0<\/a>\/\/\/\u00a0<a href=\"http:\/\/www.letablierdececile.fr\/\">le tablier de C\u00e9cile<\/a>\u00a0\/\/\/\u00a0<a href=\"http:\/\/un-week-end-une-recette.com\/\">Un week end une recette\u00a0<\/a>\/\/\/\u00a0<a href=\"http:\/\/danslacuisinedemisstinguette.blogspot.fr\/\">Dans la cuisine de Misstinguette<\/a>\u00a0\/\/\/\u00a0<a href=\"https:\/\/www.facebook.com\/pages\/A-Fleur-dOranger\/643200599074935?fref=ts\" target=\"_blank\">A fleur d&rsquo;oranger\u00a0<\/a>\/\/\/<a href=\"http:\/\/www.visites-gourmandes.com\/blog\/\">Visites gourmandes<\/a>\u00a0\/\/\/<a href=\"http:\/\/saveursetlectures.com\/\">\u00a0Saveurs et lectures\u00a0<\/a>\/\/\/\u00a0<a href=\"http:\/\/champagne79.over-blog.com\/\">Secrets de Gourmandise<\/a>\u00a0\/\/\/\u00a0<a href=\"https:\/\/www.facebook.com\/lesgoutsetlescouleursdelaurence\">les go\u00fbts et les couleurs de Laurence\u00a0<\/a>\/\/\/\u00a0<a href=\"http:\/\/unecuillereepourpapa.net\/\">Une cuiller\u00e9e pour papa<\/a>\u00a0\/\/\/\u00a0<a href=\"http:\/\/cahiergourmand.canalblog.com\/\">Cahier gourmand<\/a>\u00a0\/\/\/\u00a0<a href=\"http:\/\/carolinelapraline.blogspot.fr\/\" target=\"_blank\">Caroline la Praline<\/a>\u00a0\/\/\/\u00a0<a href=\"http:\/\/charlottenoglu.com\/\">Charlotte No Glu Ma r\u00e9volution culinaire\u00a0<\/a>\/\/\/\u00a0<a href=\"http:\/\/marinencuisine.wordpress.com\/\">Marine en cuisine<\/a>\u00a0\/\/\/\u00a0La Kitchenette\u00a0\/\/\/\u00a0<a href=\"http:\/\/lacuisinedariane.canalblog.com\/\">La cuisine au fil d&rsquo;Ariane\u00a0<\/a>\/\/\/<a href=\"http:\/\/lacuisinedemelanie.over-blog.com\/\">Mel l&rsquo;a F\u00e9e<\/a>\u00a0\/\/\/\u00a0<a href=\"http:\/\/www.epicesetmoi.be\/\">Epices et Moi\u00a0<\/a>\/\/\/\u00a0<a href=\"https:\/\/www.facebook.com\/ACrocsALaCuisine\">A Crocs \u00e0 la Cuisine\u00a0<\/a>\/\/\/<a href=\"http:\/\/cuisinevegetalienne.fr\/\">Dans la cuisine v\u00e9g\u00e9talienne de Djanisse\u00a0<\/a>\/\/\/<a href=\"http:\/\/tinoucuisine.canalblog.com\/\">Tout simplement bon<\/a>\u00a0\/\/\/<a href=\"http:\/\/delapeauaunoyau.blogspot.fr\/\">De la peau au noyau<\/a>\/\/\/\u00a0<a href=\"http:\/\/www.yumelise.fr\/\">Yumelise\u00a0<\/a>\/\/\/\u00a0<a href=\"http:\/\/virginiemoreau.canalblog.com\/\">\u00c7a ne sent pas un peu le br\u00fbl\u00e9 l\u00e0 ?\u00a0<\/a>\/\/\/\u00a0<a href=\"http:\/\/unpeudesucre.canalblog.com\/\">Chemin de Gourmandise\u00a0<\/a>&#8211;<a href=\"http:\/\/le-miam-de-ninou.blogspot.fr\/\">Le Miam de Ninou<\/a>\u00a0\/\/\/\u00a0Kaprisse et D\u00e9lices\u00a0\/\/\/\u00a0<a href=\"http:\/\/www.delscookingtwist.com\/\">Del&rsquo;s cooking Twist\u00a0<\/a>\/\/\/\u00a0<a href=\"http:\/\/www.etcharlottedecouvritlacuisine.blogspot.fr\/\">Et Charlotte d\u00e9couvrit la cuisine\u00a0<\/a>\/\/\/<a href=\"http:\/\/ceriseetcompagnie.over-blog.com\/\">Cerise et Compagnie<\/a>\u00a0\/\/\/\u00a0<a href=\"http:\/\/cuisinemoiunmouton.com\/\">Cuisine moi un mouton<\/a>\u00a0\/\/\/\u00a0<a href=\"http:\/\/coriandre-et-citronnelle.jimdo.com\/\">Coriandre et Citronnelle\u00a0<\/a>\u00a0\/\/\/\u00a0<a href=\"http:\/\/lalignegourmande.fr\/\">la ligne gourmande<\/a>\u00a0\/\/\/\u00a0<a href=\"http:\/\/myfrenchbakery.fr\/\">My French Bakery\u00a0<\/a>\/\/\/<a href=\"http:\/\/poiretcactus.com\/\">\u00a0Poire et Cactus<\/a>\u00a0\/\/\/\u00a0<a href=\"http:\/\/www.ecomusee-montmorillonnais.org\/\">Ecomus\u00e9e du Montmorillonnais\u00a0<\/a>\/\/\/\u00a0<a href=\"http:\/\/mignardisesetcompagnie.wordpress.com\/\">Mignardises et compagnies<\/a>\u00a0\/\/\/\u00a0<a href=\"http:\/\/jennscookingnow.blogspot.fr\/\">Jenn is cooking\u00a0<\/a>\/\/\/\u00a0<a href=\"http:\/\/cuisinedamour.unblog.fr\/\">Cuisine d&rsquo;amour\u00a0<\/a>\/\/\/\u00a0<a href=\"http:\/\/contesetdelices.com\/\">Contes et d\u00e9lices<\/a>\u00a0\/\/\/\u00a0<a href=\"http:\/\/bienvenuechezspicy.blogspot.fr\/\">Bienvenue chez Spicy<\/a>\u00a0\/\/\/\u00a0La table d&rsquo;Eve\u00a0\/\/\/<a href=\"https:\/\/www.facebook.com\/lespetitesmiettesdenfance\">\u00a0Les petites miettes d&rsquo;enfance\u00a0<\/a>\/\/\/\u00a0<a href=\"http:\/\/lescarnetsdesophie.fr\/\">Les carnets de Sophie<\/a>\u00a0\/\/\/\u00a0<a href=\"http:\/\/www.montiroirarecettes.com\/\">Mon tiroir \u00e0 recettes<\/a>\u00a0\/\/\/\u00a0<a href=\"http:\/\/gourmandisesetpassions.over-blog.com\/\">Essais culinaires de Nonna\u00a0<\/a>\/\/\/\u00a0<a href=\"http:\/\/bullegreen.blogspot.fr\/\" target=\"_blank\">Bulle green<\/a>\u00a0\/\/\/\u00a0<a href=\"http:\/\/www.cookntinem.fr\/\" target=\"_blank\">Cook N&rsquo; Tinem<\/a>\u00a0\/\/\/\u00a0<a href=\"http:\/\/www.chocoframboises.fr\/\" target=\"_blank\">Chocoframboises<\/a>\u00a0\/\/\/\u00a0<a href=\"http:\/\/www.zeromiette.com\/\" target=\"_blank\">Objectif z\u00e9ro miettes<\/a>\u00a0\/\/\/\u00a0<a href=\"http:\/\/lasoupealacitrouille.blogspot.fr\/\" target=\"_blank\">La soupe \u00e0 la citrouille<\/a>\u00a0\/\/\/\u00a0<a href=\"http:\/\/paruline-en-cuisine.fr\/\" target=\"_blank\">Paruline en cuisine<\/a>\u00a0\/\/\/<a href=\"http:\/\/www.agoodcookingday.com\/\" target=\"_blank\">\u00a0A good cooking day\u00a0<\/a>\/\/\/ <a href=\"http:\/\/coeur-gourmandise.com\/\" target=\"_blank\">J&rsquo;ai le coeur gourmandise<\/a> \/\/\/ <a href=\"http:\/\/chutjepatisse.com\/\" target=\"_blank\">Chut je p\u00e2tisse<\/a> \/\/\/ Kalou and Cook \/\/\/ <a href=\"http:\/\/edgabophotos.blogspot.fr\/\" target=\"_blank\">Esprit de Jardin<\/a> \/\/\/ <a href=\"http:\/\/confessionsde2foodaholic.blogspot.fr\/\" target=\"_blank\">Confessions de 2 foodaholic<\/a>\/\/\/\u00a0<a href=\"http:\/\/www.fourchettesetbaguettes.com\/\" target=\"_blank\">Fourchettes et baguettes<\/a>\u00a0\/\/\/\u00a0<a href=\"http:\/\/cgourmandise.canalblog.com\/\" target=\"_blank\">Cyrielle gourmandise\u00a0<\/a>\/\/\/1-2-3 Cuisinez\u00a0\/\/\/\u00a0<a href=\"http:\/\/cuisinermaison.eklablog.fr\/\" target=\"_blank\">La cuisine maison\/\/\/<\/a>\u00a0<a href=\"http:\/\/cookingshasha.blogspot.fr\/\" target=\"_blank\">Cooking Shasha<\/a>\u00a0\/\/\/<a href=\"http:\/\/elodanslafarine.com\/\" target=\"_blank\">Elo dans la farine\u00a0<\/a>\/\/\/<a href=\"http:\/\/lespapillesquifretillent.blogspot.fr\/\" target=\"_blank\">Les papilles qui fr\u00e9tillent<\/a>\u00a0\/\/\/\u00a0<a href=\"http:\/\/mignardisesetcompagnie.wordpress.com\/\" target=\"_blank\">Mignardises and Co\u00a0<\/a>\/\/\/<a href=\"http:\/\/doriannn.blogspot.fr\/\" target=\"_blank\">Mais pourquoi est-ce que je vous raconte \u00e7a&#8230;<\/a>\/\/\/ <a href=\"http:\/\/atablelesgarcons.over-blog.com\/\" target=\"_blank\">A table les gar\u00e7ons !<\/a>\/\/\/\u00a0<a href=\"http:\/\/surprisesetgourmandises.wordpress.com\/\" target=\"_blank\">Surprises et gourmandises\u00a0<\/a>\/\/\/\u00a0<a href=\"http:\/\/familyscook.canalblog.com\/\" target=\"_blank\">La fourchette gourmande\u00a0<\/a>\/\/\/\u00a0<a href=\"http:\/\/monptitcoingourmand.blogspot.fr\/\" target=\"_blank\">Mon P&rsquo;tit coin gourmand\u00a0<\/a><a href=\"http:\/\/monptitcoingourmand.blogspot.fr\/\" target=\"_blank\">\u00a0<\/a>\/\/\/\u00a0<a href=\"http:\/\/q-e-zine.blogspot.fr\/\" target=\"_blank\">QE Zine\u00a0<\/a>\/\/\/\u00a0<a href=\"http:\/\/www.aprendresansfaim.com\/\" target=\"_blank\">A prendre sans faim\u00a0<\/a>\/\/\/<\/p>\n","protected":false},"excerpt":{"rendered":"<p>La \u00ab\u00a0Bataille Food\u00a0\u00bbc\u2019est quoi ? C\u2019est tout simplement un d\u00e9fi culinaire cr\u00e9\u00e9 par Jenna 1\u00e8re organisatrice et fondatrice de la \u00ab\u00a0Bataille Food\u00a0\u00bb http:\/\/www.bistrodejenna.com\/ Qui r\u00e9unit des blogueu(r)ses et des non blogueu(r)ses et de partager leurs passions autour d\u2019un th\u00e8me commun agr\u00e9ment\u00e9 de deux petites r\u00e8gles du jeu impos\u00e9es par la marraine La \u00ab\u00a0Bataille Food\u00a0\u00bb a [&hellip;]<\/p>\n","protected":false},"author":3,"featured_media":1679,"comment_status":"open","ping_status":"open","sticky":false,"template":"","format":"standard","meta":{"_seopress_titles_title":"","_seopress_titles_desc":"","_seopress_robots_index":"","_seopress_robots_follow":"","_seopress_robots_imageindex":"","_seopress_robots_snippet":"","_seopress_robots_primary_cat":"","_seopress_robots_breadcrumbs":"","_seopress_robots_freeze_modified_date":"","_seopress_robots_custom_modified_date":"","_seopress_robots_canonical":"","_seopress_social_fb_title":"","_seopress_social_fb_desc":"","_seopress_social_fb_img":"","_seopress_social_fb_img_attachment_id":0,"_seopress_social_fb_img_width":0,"_seopress_social_fb_img_height":0,"_seopress_social_twitter_title":"","_seopress_social_twitter_desc":"","_seopress_social_twitter_img":"","_seopress_social_twitter_img_attachment_id":0,"_seopress_social_twitter_img_width":0,"_seopress_social_twitter_img_height":0,"_seopress_redirections_value":"","_seopress_redirections_enabled":"","_seopress_redirections_enabled_regex":"","_seopress_redirections_logged_status":"","_seopress_redirections_param":"","_seopress_redirections_type":0,"_seopress_analysis_target_kw":"","_exactmetrics_skip_tracking":false,"_exactmetrics_sitenote_active":false,"_exactmetrics_sitenote_note":"","_exactmetrics_sitenote_category":0,"footnotes":""},"categories":[43,150],"tags":[171,223,672,731,876,1053,1083,1086],"class_list":["post-1669","post","type-post","status-publish","format-standard","has-post-thumbnail","hentry","category-defis-culinaires","category-verrines-sucrees","tag-amandes","tag-bataillefood","tag-marrons","tag-noix","tag-pommes","tag-verrines","tag-yaourt","tag-yaourtgrec"],"_links":{"self":[{"href":"https:\/\/www.latelierdestephetlolie.com\/index.php?rest_route=\/wp\/v2\/posts\/1669","targetHints":{"allow":["GET"]}}],"collection":[{"href":"https:\/\/www.latelierdestephetlolie.com\/index.php?rest_route=\/wp\/v2\/posts"}],"about":[{"href":"https:\/\/www.latelierdestephetlolie.com\/index.php?rest_route=\/wp\/v2\/types\/post"}],"author":[{"embeddable":true,"href":"https:\/\/www.latelierdestephetlolie.com\/index.php?rest_route=\/wp\/v2\/users\/3"}],"replies":[{"embeddable":true,"href":"https:\/\/www.latelierdestephetlolie.com\/index.php?rest_route=%2Fwp%2Fv2%2Fcomments&post=1669"}],"version-history":[{"count":5,"href":"https:\/\/www.latelierdestephetlolie.com\/index.php?rest_route=\/wp\/v2\/posts\/1669\/revisions"}],"predecessor-version":[{"id":1596034,"href":"https:\/\/www.latelierdestephetlolie.com\/index.php?rest_route=\/wp\/v2\/posts\/1669\/revisions\/1596034"}],"wp:featuredmedia":[{"embeddable":true,"href":"https:\/\/www.latelierdestephetlolie.com\/index.php?rest_route=\/wp\/v2\/media\/1679"}],"wp:attachment":[{"href":"https:\/\/www.latelierdestephetlolie.com\/index.php?rest_route=%2Fwp%2Fv2%2Fmedia&parent=1669"}],"wp:term":[{"taxonomy":"category","embeddable":true,"href":"https:\/\/www.latelierdestephetlolie.com\/index.php?rest_route=%2Fwp%2Fv2%2Fcategories&post=1669"},{"taxonomy":"post_tag","embeddable":true,"href":"https:\/\/www.latelierdestephetlolie.com\/index.php?rest_route=%2Fwp%2Fv2%2Ftags&post=1669"}],"curies":[{"name":"wp","href":"https:\/\/api.w.org\/{rel}","templated":true}]}}